{"id":391,"date":"2025-01-23T07:13:58","date_gmt":"2025-01-23T11:13:58","guid":{"rendered":"https:\/\/jms.com.bo\/mediamonitorbo\/2025\/01\/23\/cuestionan-discurso-de-arce-por-no-abordar-soluciones-economicas\/"},"modified":"2025-01-23T07:13:58","modified_gmt":"2025-01-23T11:13:58","slug":"cuestionan-discurso-de-arce-por-no-abordar-soluciones-economicas","status":"publish","type":"post","link":"https:\/\/jms.com.bo\/mediamonitorbo\/2025\/01\/23\/cuestionan-discurso-de-arce-por-no-abordar-soluciones-economicas\/","title":{"rendered":"Cuestionan discurso de Arce por no abordar soluciones econ\u00f3micas"},"content":{"rendered":"<p>Luego de que el presidente Luis Arce emitiera su discurso en conmemoraci\u00f3n por los 16 a\u00f1os del Estado Plurinacional, algunos analistas y opositores cuestionaron la brevedad del mensaje presidencial, donde tambi\u00e9n se omiti\u00f3 el tema econ\u00f3mico y las soluciones y respuestas que se esperaba del mandatario.<br \/>\n\u201cSe sigue buscando responsabilizar al cr\u00e9dito externo, que no ha sido aprobado, m\u00e1s de 1.600 millones de d\u00f3lares. En ese contexto, creo que representa apenas el 3% del Producto Interno Bruto (PIB), no es una cifra que nos va a sacar de la crisis\u201d, se\u00f1al\u00f3 el presidente del Colegio de Economistas de Tarija, Fernando Romero.<br \/>\nDiscurso<br \/>\nDe acuerdo con el economista, del total del discurso de Arce, \u201csolo el 5%\u201d se concentr\u00f3 en aspectos econ\u00f3micos.<br \/>\nSin contar los saludos y agradecimientos, el mensaje presidencial tuvo una duraci\u00f3n de aproximadamente 17 minutos, que se concentraron en un pedido de unidad al Movimiento Al Socialismo (MAS) para \u201cblindar\u201d el proceso de cambio en un a\u00f1o electoral, en el que \u201clos peligros est\u00e1n al acecho\u201d.<br \/>\nPor su parte, la expresidenta de la C\u00e1mara de Senadores, la evista Adriana Salvatierra, afirm\u00f3 que el mensaje fue breve porque, en su criterio, el Gobierno no tiene muchos logros que mostrar.<br \/>\nSoluciones<br \/>\n\u201cEs un discurso breve porque no hay muchos logros que informar. Hoy nos encontramos con que los indicadores macroecon\u00f3micos y sociales no acompa\u00f1an la gesti\u00f3n presidencial\u201d, critic\u00f3 en entrevista con Red Uno.<br \/>\nLa exsenadora cuestion\u00f3 que el Presidente no habl\u00f3 sobre cu\u00e1l ser\u00e1 el rol del Gobierno para \u201ccontener el avance inflacionario\u201d que tanto preocupa al pa\u00eds; sino que deriva a la Asamblea la aprobaci\u00f3n de cr\u00e9ditos como soluci\u00f3n.<br \/>\n\u201cNecesitamos escuchar una planificaci\u00f3n estrat\u00e9gica para contener, en el \u00faltimo a\u00f1o de gesti\u00f3n, la crisis que se viene y amenaza a las familias bolivianas\u201d, a\u00f1adi\u00f3.<br \/>\nEl l\u00edder de Creemos y detenido en Chonchocoro, Luis Fernando Camacho, tambi\u00e9n cuestion\u00f3 el discurso.<br \/>\n\u201cEl presidente Arce sigue negando la realidad cr\u00edtica que vive el pa\u00eds. Su discurso es una muestra clara de que no tiene ni la voluntad ni la capacidad de sacar a Bolivia de la crisis econ\u00f3mica, social y pol\u00edtica en la que se encuentra\u201d, fustig\u00f3 en sus redes sociales.<br \/>\nEn tanto, los ministros de Estado destacaron el mensaje presidencial, pues consideran que se enfoc\u00f3 en temas como fortalecer la democracia y buscar un pacto social para celebrar el Bicentenario en paz y unidad.<\/p>\n","protected":false},"excerpt":{"rendered":"<p>Luego de que el presidente Luis Arce emitiera su discurso en conmemoraci\u00f3n por los 16 a\u00f1os del Estado Plurinacional, algunos analistas y opositores cuestionaron la brevedad del mensaje presidencial, donde tambi\u00e9n se omiti\u00f3 el tema econ\u00f3mico y las soluciones y respuestas que se esperaba del mandatario. \u201cSe sigue buscando responsabilizar al cr\u00e9dito externo, que no [&hellip;]<\/p>\n","protected":false},"author":1,"featured_media":392,"comment_status":"","ping_status":"open","sticky":false,"template":"","format":"standard","meta":{"pagelayer_contact_templates":[],"_pagelayer_content":"","footnotes":""},"categories":[19,29,24],"tags":[],"class_list":{"0":"post-391","1":"post","2":"type-post","3":"status-publish","4":"format-standard","5":"has-post-thumbnail","7":"category-economia","8":"category-portada-economia","9":"category-portada-general-sitio"},"_links":{"self":[{"href":"https:\/\/jms.com.bo\/mediamonitorbo\/wp-json\/wp\/v2\/posts\/391","targetHints":{"allow":["GET"]}}],"collection":[{"href":"https:\/\/jms.com.bo\/mediamonitorbo\/wp-json\/wp\/v2\/posts"}],"about":[{"href":"https:\/\/jms.com.bo\/mediamonitorbo\/wp-json\/wp\/v2\/types\/post"}],"author":[{"embeddable":true,"href":"https:\/\/jms.com.bo\/mediamonitorbo\/wp-json\/wp\/v2\/users\/1"}],"replies":[{"embeddable":true,"href":"https:\/\/jms.com.bo\/mediamonitorbo\/wp-json\/wp\/v2\/comments?post=391"}],"version-history":[{"count":0,"href":"https:\/\/jms.com.bo\/mediamonitorbo\/wp-json\/wp\/v2\/posts\/391\/revisions"}],"wp:featuredmedia":[{"embeddable":true,"href":"https:\/\/jms.com.bo\/mediamonitorbo\/wp-json\/wp\/v2\/media\/392"}],"wp:attachment":[{"href":"https:\/\/jms.com.bo\/mediamonitorbo\/wp-json\/wp\/v2\/media?parent=391"}],"wp:term":[{"taxonomy":"category","embeddable":true,"href":"https:\/\/jms.com.bo\/mediamonitorbo\/wp-json\/wp\/v2\/categories?post=391"},{"taxonomy":"post_tag","embeddable":true,"href":"https:\/\/jms.com.bo\/mediamonitorbo\/wp-json\/wp\/v2\/tags?post=391"}],"curies":[{"name":"wp","href":"https:\/\/api.w.org\/{rel}","templated":true}]}}