{"id":395,"date":"2025-01-23T07:11:14","date_gmt":"2025-01-23T11:11:14","guid":{"rendered":"https:\/\/jms.com.bo\/mediamonitorbo\/2025\/01\/23\/sector-privado-reporta-18-anos-continuos-de-deficit-comercial-que-es-cubierto-por-las-exportaciones-publicas\/"},"modified":"2025-01-23T07:11:14","modified_gmt":"2025-01-23T11:11:14","slug":"sector-privado-reporta-18-anos-continuos-de-deficit-comercial-que-es-cubierto-por-las-exportaciones-publicas","status":"publish","type":"post","link":"https:\/\/jms.com.bo\/mediamonitorbo\/2025\/01\/23\/sector-privado-reporta-18-anos-continuos-de-deficit-comercial-que-es-cubierto-por-las-exportaciones-publicas\/","title":{"rendered":"Sector privado reporta 18 a\u00f1os continuos de d\u00e9ficit comercial que es cubierto por las exportaciones p\u00fablicas"},"content":{"rendered":"<p>El sector privado de Bolivia mantiene desde hace 18 a\u00f1os un d\u00e9ficit comercial continuo, por lo que el sector p\u00fablico \u201ccubri\u00f3\u201d ese d\u00e9ficit, afirm\u00f3 el viceministro de Pol\u00edtica Tributaria, Jhonny Morales.<br \/>\n\u201cLa l\u00ednea roja es c\u00f3mo se ha ido comportando el saldo comercial del sector privado: deficitario. Siempre han estado en d\u00e9ficit. Y el sector p\u00fablico ha estado siempre en super\u00e1vit.\u00bfQui\u00e9n ha cubierto el d\u00e9ficit del sector privado? El que ha cubierto el d\u00e9ficit del sector privado ha sido el super\u00e1vit del sector p\u00fablico durante todos estos 20 a\u00f1os de vigente del Modelo Econ\u00f3mico Social Comunitario\u201d, afirm\u00f3.<br \/>\nEsto fue posible gracias a las exportaciones realizadas por el Estado, principalmente de gas natural a los mercados de Brasil y Argentina, adem\u00e1s de minerales.<br \/>\n\u201cHemos exportado y ten\u00edamos mayores ingresos como sector p\u00fablico, y hemos ido financiando los d\u00e9ficits del sector privado, que es el elemento que no cuenta la Cainco, que no se\u00f1ala en su valoraci\u00f3n\u201d, asegur\u00f3 Morales en repuesta al presidente de la C\u00e1mara de Industria, Comercio, Servicio y Turismo de Santa Cruz de la Sierra (Cainco), Jean Pierre Antelo, quien cuestion\u00f3 el modelo econ\u00f3mico y sus resultados.<br \/>\nDe acuerdo con los datos del Ministerio de Econom\u00eda, en 2007 el d\u00e9ficit comercial del sector privado fue de $us 794 millones, en 2013 de $us 2.665 millones, en 2015 se lleg\u00f3 al mayor pico con $us 4.193 millones, en tanto que en 2020 se ubic\u00f3 en $us 2.386 millones.<br \/>\nEn tanto, el a\u00f1o 2022 el d\u00e9ficit fue de $us 1.637 millones, para el 2023 lleg\u00f3 a $us 2.349 millones y a noviembre de 2024 a $us 633 millones.<br \/>\nEn cambio, el sector p\u00fablico report\u00f3 super\u00e1vits comerciales constantes entre 2007 y 2022, pasando de $us 2.974 millones en 2008 a un pico de $us 5.007 millones en 2013, para llegar a $us 435 millones el a\u00f1o 2022; no obstante, el a\u00f1o 2023 se registr\u00f3 un d\u00e9ficit de $us 707 millones, el primero en m\u00e1s de 16 a\u00f1os.<br \/>\nHasta noviembre de 2024, el d\u00e9ficit comercial fue de $us 627 millones.<\/p>\n","protected":false},"excerpt":{"rendered":"<p>El sector privado de Bolivia mantiene desde hace 18 a\u00f1os un d\u00e9ficit comercial continuo, por lo que el sector p\u00fablico \u201ccubri\u00f3\u201d ese d\u00e9ficit, afirm\u00f3 el viceministro de Pol\u00edtica Tributaria, Jhonny Morales. \u201cLa l\u00ednea roja es c\u00f3mo se ha ido comportando el saldo comercial del sector privado: deficitario. Siempre han estado en d\u00e9ficit. Y el sector [&hellip;]<\/p>\n","protected":false},"author":1,"featured_media":396,"comment_status":"","ping_status":"open","sticky":false,"template":"","format":"standard","meta":{"pagelayer_contact_templates":[],"_pagelayer_content":"","footnotes":""},"categories":[19],"tags":[],"class_list":{"0":"post-395","1":"post","2":"type-post","3":"status-publish","4":"format-standard","5":"has-post-thumbnail","7":"category-economia"},"_links":{"self":[{"href":"https:\/\/jms.com.bo\/mediamonitorbo\/wp-json\/wp\/v2\/posts\/395","targetHints":{"allow":["GET"]}}],"collection":[{"href":"https:\/\/jms.com.bo\/mediamonitorbo\/wp-json\/wp\/v2\/posts"}],"about":[{"href":"https:\/\/jms.com.bo\/mediamonitorbo\/wp-json\/wp\/v2\/types\/post"}],"author":[{"embeddable":true,"href":"https:\/\/jms.com.bo\/mediamonitorbo\/wp-json\/wp\/v2\/users\/1"}],"replies":[{"embeddable":true,"href":"https:\/\/jms.com.bo\/mediamonitorbo\/wp-json\/wp\/v2\/comments?post=395"}],"version-history":[{"count":0,"href":"https:\/\/jms.com.bo\/mediamonitorbo\/wp-json\/wp\/v2\/posts\/395\/revisions"}],"wp:featuredmedia":[{"embeddable":true,"href":"https:\/\/jms.com.bo\/mediamonitorbo\/wp-json\/wp\/v2\/media\/396"}],"wp:attachment":[{"href":"https:\/\/jms.com.bo\/mediamonitorbo\/wp-json\/wp\/v2\/media?parent=395"}],"wp:term":[{"taxonomy":"category","embeddable":true,"href":"https:\/\/jms.com.bo\/mediamonitorbo\/wp-json\/wp\/v2\/categories?post=395"},{"taxonomy":"post_tag","embeddable":true,"href":"https:\/\/jms.com.bo\/mediamonitorbo\/wp-json\/wp\/v2\/tags?post=395"}],"curies":[{"name":"wp","href":"https:\/\/api.w.org\/{rel}","templated":true}]}}