{"id":397,"date":"2025-01-23T07:03:52","date_gmt":"2025-01-23T11:03:52","guid":{"rendered":"https:\/\/jms.com.bo\/mediamonitorbo\/2025\/01\/23\/gremiales-rechazan-convocatoria-al-dialogo-insisten-en-derogatoria-de-la-disposicion-confiscatoria\/"},"modified":"2025-01-23T07:03:52","modified_gmt":"2025-01-23T11:03:52","slug":"gremiales-rechazan-convocatoria-al-dialogo-insisten-en-derogatoria-de-la-disposicion-confiscatoria","status":"publish","type":"post","link":"https:\/\/jms.com.bo\/mediamonitorbo\/2025\/01\/23\/gremiales-rechazan-convocatoria-al-dialogo-insisten-en-derogatoria-de-la-disposicion-confiscatoria\/","title":{"rendered":"Gremiales rechazan convocatoria al di\u00e1logo; insisten en derogatoria de la disposici\u00f3n confiscatoria"},"content":{"rendered":"<p>Pese a la convocatoria al di\u00e1logo realizada por el Gobierno para abordar la disposici\u00f3n s\u00e9ptima de la ley del Presupuesto General del Estado (PGE), los gremiales se mantienen firmes en su postura de exigir la eliminaci\u00f3n de la medida.<br \/>\nEdgar \u00c1lvarez, l\u00edder de los gremialistas en Santa Cruz, expres\u00f3 su desconfianza en las intenciones del Gobierno, afirmando que la posici\u00f3n del presidente Luis Arce sobre el decomiso de mercader\u00edas qued\u00f3 clara en su discurso por el D\u00eda del Estado Plurinacional.<br \/>\nDurante su mensaje, el mandatario asegur\u00f3 que la normativa no busca sancionar a los \u00abbuenos empresarios, industriales, productores y comerciantes\u00bb, sino que su objetivo es combatir la especulaci\u00f3n y el agio en el mercado. Sin embargo, \u00c1lvarez cuestion\u00f3 esta declaraci\u00f3n y critic\u00f3 la falta de consulta previa antes de promulgar la norma.<br \/>\n\u00abEl di\u00e1logo debi\u00f3 haberse realizado antes de lanzar leyes confiscatorias. Adem\u00e1s, el presidente habla de los \u2018buenos gremialistas\u2019, pero no sabemos a qu\u00e9 se refiere con eso, quiz\u00e1 solo aquellos que tienen su cart\u00f3n azul\u00bb, expres\u00f3 el dirigente, en referencia a los colores de Movimiento Al Socialismo (MAS).<br \/>\nGremiales<br \/>\nEl dirigente gremial tambi\u00e9n anunci\u00f3 que el 30 de enero se llevar\u00e1 a cabo un ampliado multisectorial, el cual definir\u00e1 las acciones a seguir. Reiter\u00f3 que, si el Gobierno no atiende sus demandas, el 10 de febrero iniciar\u00e1n movilizaciones a nivel nacional.<br \/>\nDesde El Alto, To\u00f1o Si\u00f1ani, representante de los gremiales en esa ciudad, calific\u00f3 de \u00abmentiroso\u00bb al presidente Arce, asegurando que su sector envi\u00f3 hace semanas una solicitud de di\u00e1logo sin obtener respuesta.<br \/>\n\u00abNos quieren quitar nuestra mercader\u00eda con esta disposici\u00f3n\u201d, denunci\u00f3. Adem\u00e1s, anunci\u00f3 que su sector no esperar\u00e1 hasta febrero y que las protestas comenzar\u00e1n de manera escalonada desde esta semana.<br \/>\nDe acuerdo con Si\u00f1ani, desde este jueves iniciar\u00e1n las movilizaciones en algunos departamentos del pa\u00eds.<\/p>\n","protected":false},"excerpt":{"rendered":"<p>Pese a la convocatoria al di\u00e1logo realizada por el Gobierno para abordar la disposici\u00f3n s\u00e9ptima de la ley del Presupuesto General del Estado (PGE), los gremiales se mantienen firmes en su postura de exigir la eliminaci\u00f3n de la medida. Edgar \u00c1lvarez, l\u00edder de los gremialistas en Santa Cruz, expres\u00f3 su desconfianza en las intenciones del [&hellip;]<\/p>\n","protected":false},"author":1,"featured_media":398,"comment_status":"","ping_status":"open","sticky":false,"template":"","format":"standard","meta":{"pagelayer_contact_templates":[],"_pagelayer_content":"","footnotes":""},"categories":[19],"tags":[],"class_list":{"0":"post-397","1":"post","2":"type-post","3":"status-publish","4":"format-standard","5":"has-post-thumbnail","7":"category-economia"},"_links":{"self":[{"href":"https:\/\/jms.com.bo\/mediamonitorbo\/wp-json\/wp\/v2\/posts\/397","targetHints":{"allow":["GET"]}}],"collection":[{"href":"https:\/\/jms.com.bo\/mediamonitorbo\/wp-json\/wp\/v2\/posts"}],"about":[{"href":"https:\/\/jms.com.bo\/mediamonitorbo\/wp-json\/wp\/v2\/types\/post"}],"author":[{"embeddable":true,"href":"https:\/\/jms.com.bo\/mediamonitorbo\/wp-json\/wp\/v2\/users\/1"}],"replies":[{"embeddable":true,"href":"https:\/\/jms.com.bo\/mediamonitorbo\/wp-json\/wp\/v2\/comments?post=397"}],"version-history":[{"count":0,"href":"https:\/\/jms.com.bo\/mediamonitorbo\/wp-json\/wp\/v2\/posts\/397\/revisions"}],"wp:featuredmedia":[{"embeddable":true,"href":"https:\/\/jms.com.bo\/mediamonitorbo\/wp-json\/wp\/v2\/media\/398"}],"wp:attachment":[{"href":"https:\/\/jms.com.bo\/mediamonitorbo\/wp-json\/wp\/v2\/media?parent=397"}],"wp:term":[{"taxonomy":"category","embeddable":true,"href":"https:\/\/jms.com.bo\/mediamonitorbo\/wp-json\/wp\/v2\/categories?post=397"},{"taxonomy":"post_tag","embeddable":true,"href":"https:\/\/jms.com.bo\/mediamonitorbo\/wp-json\/wp\/v2\/tags?post=397"}],"curies":[{"name":"wp","href":"https:\/\/api.w.org\/{rel}","templated":true}]}}