{"id":399,"date":"2025-01-23T07:02:25","date_gmt":"2025-01-23T11:02:25","guid":{"rendered":"https:\/\/jms.com.bo\/mediamonitorbo\/2025\/01\/23\/en-discurso-con-miras-a-las-elecciones-arce-plantea-un-pacto-social-con-agenda-de-5-puntos\/"},"modified":"2025-01-23T07:02:25","modified_gmt":"2025-01-23T11:02:25","slug":"en-discurso-con-miras-a-las-elecciones-arce-plantea-un-pacto-social-con-agenda-de-5-puntos","status":"publish","type":"post","link":"https:\/\/jms.com.bo\/mediamonitorbo\/2025\/01\/23\/en-discurso-con-miras-a-las-elecciones-arce-plantea-un-pacto-social-con-agenda-de-5-puntos\/","title":{"rendered":"En discurso con miras a las elecciones, Arce plantea un pacto social con agenda de 5 puntos"},"content":{"rendered":"<p>El presidente Luis Arce celebr\u00f3 los 16 a\u00f1os del Estado Plurinacional de Bolivia. En su discurso, en el que advirti\u00f3 que habr\u00e1 conflictos por ser un a\u00f1o electoral, pidi\u00f3 a los actores pol\u00edticos que no se ponga en riesgo la democracia y la econom\u00eda y, por el contrario, reiter\u00f3 el pedido de un pacto social con una agenda de cinco puntos: justicia, econom\u00eda, pol\u00edtica electoral, resguardo de la democracia y medio ambiente.<br \/>\nArce inici\u00f3 los actos protocolares pasadas las 07:00 de este mi\u00e9rcoles, con una ceremonia ancestral en la que participaron ministros de Estado, autoridades militares y policiales y dirigentes de organizaciones sociales arcistas, en la Casa Grande del Pueblo.<br \/>\nEn su discurso, que dur\u00f3 poco m\u00e1s de 20 minutos, Arce ratific\u00f3 la convocatoria que emiti\u00f3 el fin de semana, para llegar a un pacto social, a trav\u00e9s del di\u00e1logo, que permita paz entre los bolivianos y se constituya en una \u201csegunda independencia\u201d de Bolivia.<br \/>\nEn ese sentido, pidi\u00f3 a los actores pol\u00edticos a resolver las diferentes en el \u00e1mbito de la democracia y \u201cno forzar otra v\u00eda\u201d, con una agenda de cinco puntos.<br \/>\nEn el \u00e1mbito de la justicia, como primer punto de la agenda, pidi\u00f3 que se acuerde en la Asamblea Legislativa y el Tribunal Supremo Electoral (TSE) la complementaci\u00f3n de las elecciones judiciales, para que se tenga renovada a todas las autoridades del \u00d3rgano Judicial.<br \/>\nEn el campo econ\u00f3mico, pidi\u00f3 seguir con la pol\u00edtica de industrializaci\u00f3n y sustituci\u00f3n de importaciones. En este caso urgi\u00f3 tambi\u00e9n la aprobaci\u00f3n de dos proyectos de ley en la Asamblea legislativa para la explotaci\u00f3n del litio.<br \/>\nPara el \u00e1rea pol\u00edtica, pidi\u00f3 \u201cpensar en nuestro pa\u00eds\u201d de forma responsable y resguardar el ambiente electoral, para que el pr\u00f3ximo gobierno asuma en las mejores condiciones posibles.<br \/>\nAl referirse al resguardo de la democracia, demand\u00f3 a los pol\u00edticos \u201cvelar por unas elecciones limpias y transparentes\u201d. Los comicios generales est\u00e1n previstos para el 10 de agosto.<br \/>\nEn el \u00faltimo punto de su agenda, pidi\u00f3 resguardar el medio ambiente y no ahondar m\u00e1s esta crisis que hay en el \u00e1mbito nacional e internacional, con incendios y desastres naturales a ra\u00edz del cambio clim\u00e1tico.<br \/>\nElecciones<br \/>\nEn un discurso m\u00e1s electoral, Arce advirti\u00f3 que en las pr\u00f3ximas elecciones presidenciales estar\u00e1n en juego \u201cun proyecto de pa\u00eds\u201d, que es de la izquierda y una \u201cvisi\u00f3n de pa\u00eds derecha y ultraderecha\u201d, que plantea la privatizaci\u00f3n de empresas y arrancar beneficios a los trabajadores.<br \/>\nAdvirti\u00f3 que estar\u00e1n confrontados la \u201cpatria y la antipatria\u201d, entre los pol\u00edticos de izquierda y de la derecha.<br \/>\nPor otra parte, pidi\u00f3 a las organizaciones sociales \u201cblindar\u201d el \u201cproceso de cambio\u201d que impuls\u00f3 el MAS durante dos d\u00e9cadas en el gobierno.<\/p>\n","protected":false},"excerpt":{"rendered":"<p>El presidente Luis Arce celebr\u00f3 los 16 a\u00f1os del Estado Plurinacional de Bolivia. En su discurso, en el que advirti\u00f3 que habr\u00e1 conflictos por ser un a\u00f1o electoral, pidi\u00f3 a los actores pol\u00edticos que no se ponga en riesgo la democracia y la econom\u00eda y, por el contrario, reiter\u00f3 el pedido de un pacto social [&hellip;]<\/p>\n","protected":false},"author":1,"featured_media":400,"comment_status":"","ping_status":"open","sticky":false,"template":"","format":"standard","meta":{"pagelayer_contact_templates":[],"_pagelayer_content":"","footnotes":""},"categories":[20,24,30],"tags":[],"class_list":{"0":"post-399","1":"post","2":"type-post","3":"status-publish","4":"format-standard","5":"has-post-thumbnail","7":"category-politica","8":"category-portada-general-sitio","9":"category-portada-politica"},"_links":{"self":[{"href":"https:\/\/jms.com.bo\/mediamonitorbo\/wp-json\/wp\/v2\/posts\/399","targetHints":{"allow":["GET"]}}],"collection":[{"href":"https:\/\/jms.com.bo\/mediamonitorbo\/wp-json\/wp\/v2\/posts"}],"about":[{"href":"https:\/\/jms.com.bo\/mediamonitorbo\/wp-json\/wp\/v2\/types\/post"}],"author":[{"embeddable":true,"href":"https:\/\/jms.com.bo\/mediamonitorbo\/wp-json\/wp\/v2\/users\/1"}],"replies":[{"embeddable":true,"href":"https:\/\/jms.com.bo\/mediamonitorbo\/wp-json\/wp\/v2\/comments?post=399"}],"version-history":[{"count":0,"href":"https:\/\/jms.com.bo\/mediamonitorbo\/wp-json\/wp\/v2\/posts\/399\/revisions"}],"wp:featuredmedia":[{"embeddable":true,"href":"https:\/\/jms.com.bo\/mediamonitorbo\/wp-json\/wp\/v2\/media\/400"}],"wp:attachment":[{"href":"https:\/\/jms.com.bo\/mediamonitorbo\/wp-json\/wp\/v2\/media?parent=399"}],"wp:term":[{"taxonomy":"category","embeddable":true,"href":"https:\/\/jms.com.bo\/mediamonitorbo\/wp-json\/wp\/v2\/categories?post=399"},{"taxonomy":"post_tag","embeddable":true,"href":"https:\/\/jms.com.bo\/mediamonitorbo\/wp-json\/wp\/v2\/tags?post=399"}],"curies":[{"name":"wp","href":"https:\/\/api.w.org\/{rel}","templated":true}]}}