{"id":401,"date":"2025-01-23T07:00:49","date_gmt":"2025-01-23T11:00:49","guid":{"rendered":"https:\/\/jms.com.bo\/mediamonitorbo\/2025\/01\/23\/evo-pide-no-proclamar-a-andronico-como-candidato-para-las-elecciones-presidenciales\/"},"modified":"2025-01-23T07:00:49","modified_gmt":"2025-01-23T11:00:49","slug":"evo-pide-no-proclamar-a-andronico-como-candidato-para-las-elecciones-presidenciales","status":"publish","type":"post","link":"https:\/\/jms.com.bo\/mediamonitorbo\/2025\/01\/23\/evo-pide-no-proclamar-a-andronico-como-candidato-para-las-elecciones-presidenciales\/","title":{"rendered":"Evo pide no proclamar a Andr\u00f3nico como candidato para las elecciones presidenciales"},"content":{"rendered":"<p>El expresidente Evo Morales pidi\u00f3 este mi\u00e9rcoles a sus bases no proclamar al presidente de la C\u00e1mara de Senadores, Andr\u00f3nico Rodr\u00edguez, como candidato para las elecciones generales 2025 porque \u201clo van a desgatar\u201d.<br \/>\nReiter\u00f3 que Rodr\u00edguez es org\u00e1nico y su federaci\u00f3n de cocaleros, en septiembre, aprob\u00f3 en congreso como \u201c\u00fanico candidato a Evo Morales\u201d.<br \/>\n\u201cSolo quiere recomendar, por supuesto nuestro respeto, nos sentimos orgullosos, pero algunos hermanos dicen Andr\u00f3nico presidente, con eso solo lo est\u00e1n desgastando al hermano Andr\u00f3nico\u201d, dijo el l\u00edder cocalero, a trav\u00e9s del Zoom, en su participaci\u00f3n del 16 aniversario del Estado Plurinacional en el coliseo de la Coronilla de Cochabamba.<br \/>\nMorales pidi\u00f3 tambi\u00e9n cuidar a Rodr\u00edguez y a \u201cmuchos\u201d nuevos dirigentes que tienen \u201cconocimiento\u201d de la situaci\u00f3n org\u00e1nica.<br \/>\nSobre la situaci\u00f3n de la sigla del Movimiento Al Socialismo (MAS), dijo que el MAS-IPSP \u201cera antes\u201d, pero que ahora les \u201crobaron\u201d son \u00fanicamente proyecto pol\u00edtico.<br \/>\n\u201cNing\u00fan partido por m\u00e1s que sea peque\u00f1o o hist\u00f3rico, no tiene como nuestro instrumento pol\u00edtico, esa es la gran ventaja que tenemos\u201d, asever\u00f3.<br \/>\nAdem\u00e1s, dijo que se sorprendi\u00f3, una vez, tras la encuesta en el que lo colocan como primero con el 44% de preferencia, segundo a Jorge Tuto Quiroga y cuarto a Andr\u00f3nico con el 6.8%.<br \/>\n\u201cSeguimos siendo primeros en las encuestas, sin campa\u00f1as. El 44% es m\u00edo m\u00e1s el 6.8% de Andr\u00f3nico, tranquilamente alcanzamos el 51%\u201d, destac\u00f3.<br \/>\nMorales reiter\u00f3 que sus rivales de la oposici\u00f3n son eternos \u201cperdedores\u201d como Carlos Mesa, Jorge Tuto Quiroga, Manfred Reyes Villa y Doria Medina.<br \/>\n\u201cNuestros rivales son eternos perdedores, Mesa cu\u00e1ndo gan\u00f3 las elecciones, Tuto cu\u00e1ndo gan\u00f3 las elecciones, Manfred pierde y se escapa a Estados Unidos. A Doria medina, yo lo respeto, es consecuente para perder en las elecciones hay que saludarlo\u201d, afirm\u00f3.<\/p>\n","protected":false},"excerpt":{"rendered":"<p>El expresidente Evo Morales pidi\u00f3 este mi\u00e9rcoles a sus bases no proclamar al presidente de la C\u00e1mara de Senadores, Andr\u00f3nico Rodr\u00edguez, como candidato para las elecciones generales 2025 porque \u201clo van a desgatar\u201d. Reiter\u00f3 que Rodr\u00edguez es org\u00e1nico y su federaci\u00f3n de cocaleros, en septiembre, aprob\u00f3 en congreso como \u201c\u00fanico candidato a Evo Morales\u201d. \u201cSolo [&hellip;]<\/p>\n","protected":false},"author":1,"featured_media":402,"comment_status":"","ping_status":"open","sticky":false,"template":"","format":"standard","meta":{"pagelayer_contact_templates":[],"_pagelayer_content":"","footnotes":""},"categories":[20],"tags":[],"class_list":{"0":"post-401","1":"post","2":"type-post","3":"status-publish","4":"format-standard","5":"has-post-thumbnail","7":"category-politica"},"_links":{"self":[{"href":"https:\/\/jms.com.bo\/mediamonitorbo\/wp-json\/wp\/v2\/posts\/401","targetHints":{"allow":["GET"]}}],"collection":[{"href":"https:\/\/jms.com.bo\/mediamonitorbo\/wp-json\/wp\/v2\/posts"}],"about":[{"href":"https:\/\/jms.com.bo\/mediamonitorbo\/wp-json\/wp\/v2\/types\/post"}],"author":[{"embeddable":true,"href":"https:\/\/jms.com.bo\/mediamonitorbo\/wp-json\/wp\/v2\/users\/1"}],"replies":[{"embeddable":true,"href":"https:\/\/jms.com.bo\/mediamonitorbo\/wp-json\/wp\/v2\/comments?post=401"}],"version-history":[{"count":0,"href":"https:\/\/jms.com.bo\/mediamonitorbo\/wp-json\/wp\/v2\/posts\/401\/revisions"}],"wp:featuredmedia":[{"embeddable":true,"href":"https:\/\/jms.com.bo\/mediamonitorbo\/wp-json\/wp\/v2\/media\/402"}],"wp:attachment":[{"href":"https:\/\/jms.com.bo\/mediamonitorbo\/wp-json\/wp\/v2\/media?parent=401"}],"wp:term":[{"taxonomy":"category","embeddable":true,"href":"https:\/\/jms.com.bo\/mediamonitorbo\/wp-json\/wp\/v2\/categories?post=401"},{"taxonomy":"post_tag","embeddable":true,"href":"https:\/\/jms.com.bo\/mediamonitorbo\/wp-json\/wp\/v2\/tags?post=401"}],"curies":[{"name":"wp","href":"https:\/\/api.w.org\/{rel}","templated":true}]}}