{"id":403,"date":"2025-01-23T06:58:07","date_gmt":"2025-01-23T10:58:07","guid":{"rendered":"https:\/\/jms.com.bo\/mediamonitorbo\/2025\/01\/23\/evismo-negocia-con-el-mts-de-felix-patzi\/"},"modified":"2025-01-23T06:58:07","modified_gmt":"2025-01-23T10:58:07","slug":"evismo-negocia-con-el-mts-de-felix-patzi","status":"publish","type":"post","link":"https:\/\/jms.com.bo\/mediamonitorbo\/2025\/01\/23\/evismo-negocia-con-el-mts-de-felix-patzi\/","title":{"rendered":"\u2018Evismo\u2019 negocia con el MTS de F\u00e9lix Patzi"},"content":{"rendered":"<p>El \u2018evismo\u2019 reconoci\u00f3 que est\u00e1 llevando a cabo negociaciones con el Movimiento Tercer Sistema (MTS) y otras organizaciones pol\u00edticas con el objetivo de participar en las elecciones de este a\u00f1o.<br \/>\nSeg\u00fan el comunicado de los evistas, estas negociaciones se realizan \u201ca solicitud del Movimiento Tercer Sistema\u201d, actualmente liderado por el exgobernador y disidente del MAS, F\u00e9lix Patzi.<br \/>\nEl equipo pol\u00edtico y jur\u00eddico del evismo tambi\u00e9n est\u00e1 en conversaciones con otras organizaciones pol\u00edticas, seg\u00fan confirm\u00f3 a la red Erbol el dirigente Froil\u00e1n Fulguera, que evit\u00f3 revelar las silgas de las organizaciones pol\u00edticas con las que se negocian. No obstante, descart\u00f3 una alianza con Unidad C\u00edvica Solidaridad (UCS), debido a su historial de coaliciones con gobiernos del MNR, ADN, MIR y NFR.<br \/>\nEn Sucre, el dirigente evista en el Distrito 3 Edinburgo Choque adelant\u00f3 a Correo del Sur Radio (FM 90.1 y AM 980), que el evismo prev\u00e9 concretar una alianza hasta el 7 de febrero para presentarse a las elecciones con Evo Morales como candidato.<\/p>\n","protected":false},"excerpt":{"rendered":"<p>El \u2018evismo\u2019 reconoci\u00f3 que est\u00e1 llevando a cabo negociaciones con el Movimiento Tercer Sistema (MTS) y otras organizaciones pol\u00edticas con el objetivo de participar en las elecciones de este a\u00f1o. Seg\u00fan el comunicado de los evistas, estas negociaciones se realizan \u201ca solicitud del Movimiento Tercer Sistema\u201d, actualmente liderado por el exgobernador y disidente del MAS, [&hellip;]<\/p>\n","protected":false},"author":1,"featured_media":404,"comment_status":"","ping_status":"open","sticky":false,"template":"","format":"standard","meta":{"pagelayer_contact_templates":[],"_pagelayer_content":"","footnotes":""},"categories":[20],"tags":[],"class_list":{"0":"post-403","1":"post","2":"type-post","3":"status-publish","4":"format-standard","5":"has-post-thumbnail","7":"category-politica"},"_links":{"self":[{"href":"https:\/\/jms.com.bo\/mediamonitorbo\/wp-json\/wp\/v2\/posts\/403","targetHints":{"allow":["GET"]}}],"collection":[{"href":"https:\/\/jms.com.bo\/mediamonitorbo\/wp-json\/wp\/v2\/posts"}],"about":[{"href":"https:\/\/jms.com.bo\/mediamonitorbo\/wp-json\/wp\/v2\/types\/post"}],"author":[{"embeddable":true,"href":"https:\/\/jms.com.bo\/mediamonitorbo\/wp-json\/wp\/v2\/users\/1"}],"replies":[{"embeddable":true,"href":"https:\/\/jms.com.bo\/mediamonitorbo\/wp-json\/wp\/v2\/comments?post=403"}],"version-history":[{"count":0,"href":"https:\/\/jms.com.bo\/mediamonitorbo\/wp-json\/wp\/v2\/posts\/403\/revisions"}],"wp:featuredmedia":[{"embeddable":true,"href":"https:\/\/jms.com.bo\/mediamonitorbo\/wp-json\/wp\/v2\/media\/404"}],"wp:attachment":[{"href":"https:\/\/jms.com.bo\/mediamonitorbo\/wp-json\/wp\/v2\/media?parent=403"}],"wp:term":[{"taxonomy":"category","embeddable":true,"href":"https:\/\/jms.com.bo\/mediamonitorbo\/wp-json\/wp\/v2\/categories?post=403"},{"taxonomy":"post_tag","embeddable":true,"href":"https:\/\/jms.com.bo\/mediamonitorbo\/wp-json\/wp\/v2\/tags?post=403"}],"curies":[{"name":"wp","href":"https:\/\/api.w.org\/{rel}","templated":true}]}}