{"id":413,"date":"2025-01-23T06:49:25","date_gmt":"2025-01-23T10:49:25","guid":{"rendered":"https:\/\/jms.com.bo\/mediamonitorbo\/2025\/01\/23\/reunion-multisectorial-acuerda-movilizacion-nacional-para-el-10-de-febrero-contra-disposicion-extorsiva-del-pge\/"},"modified":"2025-01-23T06:49:25","modified_gmt":"2025-01-23T10:49:25","slug":"reunion-multisectorial-acuerda-movilizacion-nacional-para-el-10-de-febrero-contra-disposicion-extorsiva-del-pge","status":"publish","type":"post","link":"https:\/\/jms.com.bo\/mediamonitorbo\/2025\/01\/23\/reunion-multisectorial-acuerda-movilizacion-nacional-para-el-10-de-febrero-contra-disposicion-extorsiva-del-pge\/","title":{"rendered":"Reuni\u00f3n multisectorial acuerda movilizaci\u00f3n nacional para el 10 de febrero contra disposici\u00f3n \u201cextorsiva\u201d del PGE"},"content":{"rendered":"<p>Los actores de la cadena productiva y de abastecimiento, incluyendo empresarios, transporte, gremiales y otros, se han declarado en emergencia y anunciaron una \u201cmovilizaci\u00f3n contundente\u201d para el 10 de febrero en demanda de que se deroga la disposici\u00f3n adicional s\u00e9ptima del Presupuesto General del Estado, porque consideran que es extorsiva para los actores econ\u00f3micos.<br \/>\nLa disposici\u00f3n s\u00e9ptima autoriza el decomiso y confiscaci\u00f3n de productos, en caso de que comercializadores pretendan retenerlos y\/o encarecer los precios. El Gobierno argumenta que se pretende cuidar el bolsillo de la gente, pero los actores econ\u00f3micos denuncian que es una medida arbitraria y de ataque, que se prestar\u00e1 a la extorsi\u00f3n.<br \/>\nEn su reuni\u00f3n en La Paz, los actores empresariales, comercio, transporte, cuentapropistas y otros emitieron un pronunciamiento donde exigen derogar la disposici\u00f3n s\u00e9ptima de la Ley del PGE.<br \/>\nAsimismo, exigen impulsar un nuevo modelo de desarrollo basado en la familia, la propiedad privada la seguridad jur\u00eddica y el acceso a la tecnolog\u00eda. Adem\u00e1s, piden trabajar en un programa econ\u00f3mico que d\u00e9 soluciones a todos los problemas que tienen los integrantes de la cadena de abastecimiento y productiva.<br \/>\nTambi\u00e9n decidieron promover una ley referida a la banca, para beneficiar a los prestatarios que est\u00e1n sufriendo embargos y remates por la falta de circulante.<br \/>\nLos sectores se declararon en movilizaci\u00f3n permanente y anunci\u00f3 que definir\u00e1 nuevas acciones.<br \/>\nAntes de la movilizaci\u00f3n del 10 de febrero, los sectores se volver\u00e1n a reunir el 30 de enero en la ciudad de Sucre.<br \/>\nEl presidente de la C\u00e1mara Nacional de Industrias, Pablo Camacho, dijo que el Gobierno tiene la oportunidad hist\u00f3rica de derogar la disposici\u00f3n s\u00e9ptima y dar una se\u00f1alar a Bolivia. Espera tambi\u00e9n que haya se\u00f1ales de parte de los asamble\u00edstas para la derogaci\u00f3n.<br \/>\nReconocieron el perjuicio que puede emerger de las medidas de presi\u00f3n, pero cuestionaron qu\u00e9 otra instancia tienen para la protesta.<\/p>\n","protected":false},"excerpt":{"rendered":"<p>Los actores de la cadena productiva y de abastecimiento, incluyendo empresarios, transporte, gremiales y otros, se han declarado en emergencia y anunciaron una \u201cmovilizaci\u00f3n contundente\u201d para el 10 de febrero en demanda de que se deroga la disposici\u00f3n adicional s\u00e9ptima del Presupuesto General del Estado, porque consideran que es extorsiva para los actores econ\u00f3micos. La [&hellip;]<\/p>\n","protected":false},"author":1,"featured_media":414,"comment_status":"","ping_status":"open","sticky":false,"template":"","format":"standard","meta":{"pagelayer_contact_templates":[],"_pagelayer_content":"","footnotes":""},"categories":[22],"tags":[],"class_list":{"0":"post-413","1":"post","2":"type-post","3":"status-publish","4":"format-standard","5":"has-post-thumbnail","7":"category-social"},"_links":{"self":[{"href":"https:\/\/jms.com.bo\/mediamonitorbo\/wp-json\/wp\/v2\/posts\/413","targetHints":{"allow":["GET"]}}],"collection":[{"href":"https:\/\/jms.com.bo\/mediamonitorbo\/wp-json\/wp\/v2\/posts"}],"about":[{"href":"https:\/\/jms.com.bo\/mediamonitorbo\/wp-json\/wp\/v2\/types\/post"}],"author":[{"embeddable":true,"href":"https:\/\/jms.com.bo\/mediamonitorbo\/wp-json\/wp\/v2\/users\/1"}],"replies":[{"embeddable":true,"href":"https:\/\/jms.com.bo\/mediamonitorbo\/wp-json\/wp\/v2\/comments?post=413"}],"version-history":[{"count":0,"href":"https:\/\/jms.com.bo\/mediamonitorbo\/wp-json\/wp\/v2\/posts\/413\/revisions"}],"wp:featuredmedia":[{"embeddable":true,"href":"https:\/\/jms.com.bo\/mediamonitorbo\/wp-json\/wp\/v2\/media\/414"}],"wp:attachment":[{"href":"https:\/\/jms.com.bo\/mediamonitorbo\/wp-json\/wp\/v2\/media?parent=413"}],"wp:term":[{"taxonomy":"category","embeddable":true,"href":"https:\/\/jms.com.bo\/mediamonitorbo\/wp-json\/wp\/v2\/categories?post=413"},{"taxonomy":"post_tag","embeddable":true,"href":"https:\/\/jms.com.bo\/mediamonitorbo\/wp-json\/wp\/v2\/tags?post=413"}],"curies":[{"name":"wp","href":"https:\/\/api.w.org\/{rel}","templated":true}]}}