{"id":415,"date":"2025-01-23T06:48:20","date_gmt":"2025-01-23T10:48:20","guid":{"rendered":"https:\/\/jms.com.bo\/mediamonitorbo\/2025\/01\/23\/declaran-cuarto-intermedio-en-el-bloqueo-de-la-ruta-a-concepcion\/"},"modified":"2025-01-23T06:48:20","modified_gmt":"2025-01-23T10:48:20","slug":"declaran-cuarto-intermedio-en-el-bloqueo-de-la-ruta-a-concepcion","status":"publish","type":"post","link":"https:\/\/jms.com.bo\/mediamonitorbo\/2025\/01\/23\/declaran-cuarto-intermedio-en-el-bloqueo-de-la-ruta-a-concepcion\/","title":{"rendered":"Declaran cuarto intermedio en el bloqueo de la ruta a Concepci\u00f3n"},"content":{"rendered":"<p>La ruta hacia Concepci\u00f3n est\u00e1 moment\u00e1neamente despejada tras la decisi\u00f3n de los pobladores y diversos sectores de declarar un cuarto intermedio en el bloqueo.<br \/>\nLos manifestantes exigen a las autoridades el cumplimiento de los cupos de distribuci\u00f3n de combustible, una demanda que hasta ahora no ha sido atendida, generando incertidumbre en la zona.<br \/>\nEl bloqueo fue suspendido por una hora para permitir el paso de los veh\u00edculos que se encontraban varados. Sin embargo, la medida ser\u00e1 levantada oficialmente a la medianoche, aunque los bloqueadores eval\u00faan la posibilidad de extenderla por 24 horas m\u00e1s ante la falta de respuestas concretas de las autoridades.<br \/>\n\u201cNo descartamos continuar con el bloqueo o implementar otras estrategias de lucha, pero no nos detendremos hasta que nuestras demandas sean atendidas\u201d, afirm\u00f3 Liborio Miranda, dirigente del transporte en Concepci\u00f3n.<\/p>\n","protected":false},"excerpt":{"rendered":"<p>La ruta hacia Concepci\u00f3n est\u00e1 moment\u00e1neamente despejada tras la decisi\u00f3n de los pobladores y diversos sectores de declarar un cuarto intermedio en el bloqueo. Los manifestantes exigen a las autoridades el cumplimiento de los cupos de distribuci\u00f3n de combustible, una demanda que hasta ahora no ha sido atendida, generando incertidumbre en la zona. El bloqueo [&hellip;]<\/p>\n","protected":false},"author":1,"featured_media":416,"comment_status":"","ping_status":"open","sticky":false,"template":"","format":"standard","meta":{"pagelayer_contact_templates":[],"_pagelayer_content":"","footnotes":""},"categories":[22],"tags":[],"class_list":{"0":"post-415","1":"post","2":"type-post","3":"status-publish","4":"format-standard","5":"has-post-thumbnail","7":"category-social"},"_links":{"self":[{"href":"https:\/\/jms.com.bo\/mediamonitorbo\/wp-json\/wp\/v2\/posts\/415","targetHints":{"allow":["GET"]}}],"collection":[{"href":"https:\/\/jms.com.bo\/mediamonitorbo\/wp-json\/wp\/v2\/posts"}],"about":[{"href":"https:\/\/jms.com.bo\/mediamonitorbo\/wp-json\/wp\/v2\/types\/post"}],"author":[{"embeddable":true,"href":"https:\/\/jms.com.bo\/mediamonitorbo\/wp-json\/wp\/v2\/users\/1"}],"replies":[{"embeddable":true,"href":"https:\/\/jms.com.bo\/mediamonitorbo\/wp-json\/wp\/v2\/comments?post=415"}],"version-history":[{"count":0,"href":"https:\/\/jms.com.bo\/mediamonitorbo\/wp-json\/wp\/v2\/posts\/415\/revisions"}],"wp:featuredmedia":[{"embeddable":true,"href":"https:\/\/jms.com.bo\/mediamonitorbo\/wp-json\/wp\/v2\/media\/416"}],"wp:attachment":[{"href":"https:\/\/jms.com.bo\/mediamonitorbo\/wp-json\/wp\/v2\/media?parent=415"}],"wp:term":[{"taxonomy":"category","embeddable":true,"href":"https:\/\/jms.com.bo\/mediamonitorbo\/wp-json\/wp\/v2\/categories?post=415"},{"taxonomy":"post_tag","embeddable":true,"href":"https:\/\/jms.com.bo\/mediamonitorbo\/wp-json\/wp\/v2\/tags?post=415"}],"curies":[{"name":"wp","href":"https:\/\/api.w.org\/{rel}","templated":true}]}}