{"id":417,"date":"2025-01-23T06:46:22","date_gmt":"2025-01-23T10:46:22","guid":{"rendered":"https:\/\/jms.com.bo\/mediamonitorbo\/2025\/01\/23\/gobierno-y-arroceros-acuerdan-para-febrero-reunion-destinada-a-fijar-precios-del-arroz\/"},"modified":"2025-01-23T06:46:22","modified_gmt":"2025-01-23T10:46:22","slug":"gobierno-y-arroceros-acuerdan-para-febrero-reunion-destinada-a-fijar-precios-del-arroz","status":"publish","type":"post","link":"https:\/\/jms.com.bo\/mediamonitorbo\/2025\/01\/23\/gobierno-y-arroceros-acuerdan-para-febrero-reunion-destinada-a-fijar-precios-del-arroz\/","title":{"rendered":"Gobierno y arroceros acuerdan para febrero reuni\u00f3n destinada a fijar precios del arroz"},"content":{"rendered":"<p>El Gobierno nacional y los arroceros fijaron una nueva reuni\u00f3n para el 6 de febrero, en Trinidad, departamento de Beni, con la finalidad de \u201cdeterminar los precios del producto durante este a\u00f1o\u201d.<br \/>\n\u201cSe ha acordado que la pr\u00f3xima reuni\u00f3n lo vamos a realizar el 6 de febrero en el departamento de Beni, municipio de Trinidad\u201d, inform\u00f3 el viceministro de Defensa del Consumidor, Jorge Silva, seg\u00fan un reporte de las RPOs.<br \/>\nDe acuerdo con Silva, el Gobierno nacional y los arroceros ingresaron en un cuarto intermedio en la \u00faltima reuni\u00f3n, para tratar el tema de los precios.<br \/>\n\u201cUn cuarto intermedio debido a que este es un tema muy t\u00e9cnico que amerita un mayor debate, un mayor conocimiento sobre los datos t\u00e9cnicos, especialmente, para determinar los precios del producto durante la gesti\u00f3n 2025\u201d, explic\u00f3.<br \/>\nRespecto a combustibles para el sector, el compromiso es que en la pr\u00f3xima reuni\u00f3n pueda participar el Ministerio de Hidrocarburos y Energ\u00edas, \u201ccon una propuesta objetiva y concreta que atienda las demandas del sector\u201d.<br \/>\nAsimismo, agreg\u00f3 que la seguridad jur\u00eddica est\u00e1 garantizada para el sector productivo.<\/p>\n","protected":false},"excerpt":{"rendered":"<p>El Gobierno nacional y los arroceros fijaron una nueva reuni\u00f3n para el 6 de febrero, en Trinidad, departamento de Beni, con la finalidad de \u201cdeterminar los precios del producto durante este a\u00f1o\u201d. \u201cSe ha acordado que la pr\u00f3xima reuni\u00f3n lo vamos a realizar el 6 de febrero en el departamento de Beni, municipio de Trinidad\u201d, [&hellip;]<\/p>\n","protected":false},"author":1,"featured_media":0,"comment_status":"","ping_status":"open","sticky":false,"template":"","format":"standard","meta":{"pagelayer_contact_templates":[],"_pagelayer_content":"","footnotes":""},"categories":[26],"tags":[],"class_list":{"0":"post-417","1":"post","2":"type-post","3":"status-publish","4":"format-standard","6":"category-alimentos-y-agroindustria"},"_links":{"self":[{"href":"https:\/\/jms.com.bo\/mediamonitorbo\/wp-json\/wp\/v2\/posts\/417","targetHints":{"allow":["GET"]}}],"collection":[{"href":"https:\/\/jms.com.bo\/mediamonitorbo\/wp-json\/wp\/v2\/posts"}],"about":[{"href":"https:\/\/jms.com.bo\/mediamonitorbo\/wp-json\/wp\/v2\/types\/post"}],"author":[{"embeddable":true,"href":"https:\/\/jms.com.bo\/mediamonitorbo\/wp-json\/wp\/v2\/users\/1"}],"replies":[{"embeddable":true,"href":"https:\/\/jms.com.bo\/mediamonitorbo\/wp-json\/wp\/v2\/comments?post=417"}],"version-history":[{"count":0,"href":"https:\/\/jms.com.bo\/mediamonitorbo\/wp-json\/wp\/v2\/posts\/417\/revisions"}],"wp:attachment":[{"href":"https:\/\/jms.com.bo\/mediamonitorbo\/wp-json\/wp\/v2\/media?parent=417"}],"wp:term":[{"taxonomy":"category","embeddable":true,"href":"https:\/\/jms.com.bo\/mediamonitorbo\/wp-json\/wp\/v2\/categories?post=417"},{"taxonomy":"post_tag","embeddable":true,"href":"https:\/\/jms.com.bo\/mediamonitorbo\/wp-json\/wp\/v2\/tags?post=417"}],"curies":[{"name":"wp","href":"https:\/\/api.w.org\/{rel}","templated":true}]}}