{"id":435,"date":"2025-01-22T07:33:52","date_gmt":"2025-01-22T11:33:52","guid":{"rendered":"https:\/\/jms.com.bo\/mediamonitorbo\/2025\/01\/22\/el-gobierno-descarta-por-el-momento-derogacion-de-disposicion-confiscatoria\/"},"modified":"2025-01-22T07:33:52","modified_gmt":"2025-01-22T11:33:52","slug":"el-gobierno-descarta-por-el-momento-derogacion-de-disposicion-confiscatoria","status":"publish","type":"post","link":"https:\/\/jms.com.bo\/mediamonitorbo\/2025\/01\/22\/el-gobierno-descarta-por-el-momento-derogacion-de-disposicion-confiscatoria\/","title":{"rendered":"El Gobierno descarta, \u2018por el momento\u2019, derogaci\u00f3n de disposici\u00f3n confiscatoria"},"content":{"rendered":"<p>Pese a las advertencias de m\u00faltiples sectores de iniciar movilizaciones si el Gobierno no deroga la disposici\u00f3n adicional s\u00e9ptima del Presupuesto General del Estado (PGE), que autoriza el decomiso y confiscaci\u00f3n de productos y alimentos, el oficialismo descarta eliminar la norma.<br \/>\nAl ser cuestionado por uno de los periodistas si \u201cqueda descartada la posibilidad de derogar la disposici\u00f3n\u201d, el viceministro de Coordinaci\u00f3n y Gesti\u00f3n Gubernamental, Gustavo Torrico, respondi\u00f3 \u201cpor el momento s\u00ed\u201d.<br \/>\nDisposici\u00f3n<br \/>\nAdem\u00e1s, la autoridad considera que las reuniones, pronunciamientos y ampliados multisectoriales son una exageraci\u00f3n. \u201c\u00bfPor qu\u00e9 tanto show por eso?\u201d, cuestion\u00f3 este mi\u00e9rcoles.<br \/>\nPoco antes de las declaraciones del viceministro, gremiales, productores, industriales, empresarios, transportistas y otros sectores ratificaron su rechazo a la disposici\u00f3n confiscatoria, debido a que consideran que genera zozobra y preocupaci\u00f3n.<br \/>\nSin embargo, desde el oficialismo insisten en que la norma es necesaria para combatir el agio, la especulaci\u00f3n y el contrabando, actividades il\u00edcitas que afectaron la econom\u00eda nacional durante todo 2024. Pero aquellos que operen dentro del marco de la ley, no deben preocuparse.<br \/>\n\u201cLos gremiales, no tiene sentido, guardan en su casa, compran mercader\u00eda para ir vendiendo de a poco. Guardan en su casa cinco cajas de at\u00fan, por decir algo, eso no es agio, no es especulaci\u00f3n; pero si encuentras un almac\u00e9n de at\u00fan, eso ya es agio y especulaci\u00f3n\u201d, ejemplific\u00f3 el viceministro.<br \/>\nTorrico tambi\u00e9n consider\u00f3 que el ocultamiento se present\u00f3 durante todo 2024 con productos como el arroz y el aceite, pero que cuando se tomaron medidas, los productos volvieron a aparecer.<br \/>\nPor ello, el Gobierno, al menos por ahora, no pretende eliminar la disposici\u00f3n, pero s\u00ed invita a los sectores a participar en su reglamentaci\u00f3n antes de su entrada en vigencia.<\/p>\n","protected":false},"excerpt":{"rendered":"<p>Pese a las advertencias de m\u00faltiples sectores de iniciar movilizaciones si el Gobierno no deroga la disposici\u00f3n adicional s\u00e9ptima del Presupuesto General del Estado (PGE), que autoriza el decomiso y confiscaci\u00f3n de productos y alimentos, el oficialismo descarta eliminar la norma. Al ser cuestionado por uno de los periodistas si \u201cqueda descartada la posibilidad de [&hellip;]<\/p>\n","protected":false},"author":1,"featured_media":436,"comment_status":"","ping_status":"open","sticky":false,"template":"","format":"standard","meta":{"pagelayer_contact_templates":[],"_pagelayer_content":"","footnotes":""},"categories":[19,29,24],"tags":[],"class_list":{"0":"post-435","1":"post","2":"type-post","3":"status-publish","4":"format-standard","5":"has-post-thumbnail","7":"category-economia","8":"category-portada-economia","9":"category-portada-general-sitio"},"_links":{"self":[{"href":"https:\/\/jms.com.bo\/mediamonitorbo\/wp-json\/wp\/v2\/posts\/435","targetHints":{"allow":["GET"]}}],"collection":[{"href":"https:\/\/jms.com.bo\/mediamonitorbo\/wp-json\/wp\/v2\/posts"}],"about":[{"href":"https:\/\/jms.com.bo\/mediamonitorbo\/wp-json\/wp\/v2\/types\/post"}],"author":[{"embeddable":true,"href":"https:\/\/jms.com.bo\/mediamonitorbo\/wp-json\/wp\/v2\/users\/1"}],"replies":[{"embeddable":true,"href":"https:\/\/jms.com.bo\/mediamonitorbo\/wp-json\/wp\/v2\/comments?post=435"}],"version-history":[{"count":0,"href":"https:\/\/jms.com.bo\/mediamonitorbo\/wp-json\/wp\/v2\/posts\/435\/revisions"}],"wp:featuredmedia":[{"embeddable":true,"href":"https:\/\/jms.com.bo\/mediamonitorbo\/wp-json\/wp\/v2\/media\/436"}],"wp:attachment":[{"href":"https:\/\/jms.com.bo\/mediamonitorbo\/wp-json\/wp\/v2\/media?parent=435"}],"wp:term":[{"taxonomy":"category","embeddable":true,"href":"https:\/\/jms.com.bo\/mediamonitorbo\/wp-json\/wp\/v2\/categories?post=435"},{"taxonomy":"post_tag","embeddable":true,"href":"https:\/\/jms.com.bo\/mediamonitorbo\/wp-json\/wp\/v2\/tags?post=435"}],"curies":[{"name":"wp","href":"https:\/\/api.w.org\/{rel}","templated":true}]}}