{"id":437,"date":"2025-01-22T07:32:24","date_gmt":"2025-01-22T11:32:24","guid":{"rendered":"https:\/\/jms.com.bo\/mediamonitorbo\/2025\/01\/22\/gobierno-y-arroceros-acuerdan-una-nueva-reunion-para-definir-el-precio-del-producto\/"},"modified":"2025-01-22T07:32:24","modified_gmt":"2025-01-22T11:32:24","slug":"gobierno-y-arroceros-acuerdan-una-nueva-reunion-para-definir-el-precio-del-producto","status":"publish","type":"post","link":"https:\/\/jms.com.bo\/mediamonitorbo\/2025\/01\/22\/gobierno-y-arroceros-acuerdan-una-nueva-reunion-para-definir-el-precio-del-producto\/","title":{"rendered":"Gobierno y arroceros acuerdan una nueva reuni\u00f3n para definir el precio del producto"},"content":{"rendered":"<p>El viceministro de Defensa del Consumidor, Jorge Silva, indic\u00f3 que el Gobierno nacional y los arroceros acordaron una nueva reuni\u00f3n para febrero donde determinar\u00e1n los precios del producto durante este a\u00f1o, seg\u00fan el reporte de medios estatales.<br \/>\n\u201cSe ha acordado que la pr\u00f3xima reuni\u00f3n la vamos a realizar el 6 de febrero en el municipio de Trinidad (Beni)\u201d, inform\u00f3 Silva.<br \/>\nDe acuerdo con el viceministro, el Gobierno nacional y los arroceros ingresaron en un cuarto intermedio en la \u00faltima reuni\u00f3n, para tratar el tema de los precios.<br \/>\n\u201cUn cuarto intermedio debido a que este es un tema muy t\u00e9cnico que amerita un mayor debate, un mayor conocimiento sobre los datos t\u00e9cnicos, especialmente, para determinar los precios del producto durante la gesti\u00f3n 2025\u201d, explic\u00f3.<br \/>\nRespecto a combustibles para el sector, el compromiso es que en la pr\u00f3xima reuni\u00f3n pueda participar el Ministerio de Hidrocarburos y Energ\u00edas, \u201ccon una propuesta objetiva y concreta que atienda las demandas del sector\u201d.<br \/>\nFinalmente, agreg\u00f3 que la seguridad jur\u00eddica est\u00e1 garantizada para el sector productivo.<\/p>\n","protected":false},"excerpt":{"rendered":"<p>El viceministro de Defensa del Consumidor, Jorge Silva, indic\u00f3 que el Gobierno nacional y los arroceros acordaron una nueva reuni\u00f3n para febrero donde determinar\u00e1n los precios del producto durante este a\u00f1o, seg\u00fan el reporte de medios estatales. \u201cSe ha acordado que la pr\u00f3xima reuni\u00f3n la vamos a realizar el 6 de febrero en el municipio [&hellip;]<\/p>\n","protected":false},"author":1,"featured_media":438,"comment_status":"","ping_status":"open","sticky":false,"template":"","format":"standard","meta":{"pagelayer_contact_templates":[],"_pagelayer_content":"","footnotes":""},"categories":[19],"tags":[],"class_list":{"0":"post-437","1":"post","2":"type-post","3":"status-publish","4":"format-standard","5":"has-post-thumbnail","7":"category-economia"},"_links":{"self":[{"href":"https:\/\/jms.com.bo\/mediamonitorbo\/wp-json\/wp\/v2\/posts\/437","targetHints":{"allow":["GET"]}}],"collection":[{"href":"https:\/\/jms.com.bo\/mediamonitorbo\/wp-json\/wp\/v2\/posts"}],"about":[{"href":"https:\/\/jms.com.bo\/mediamonitorbo\/wp-json\/wp\/v2\/types\/post"}],"author":[{"embeddable":true,"href":"https:\/\/jms.com.bo\/mediamonitorbo\/wp-json\/wp\/v2\/users\/1"}],"replies":[{"embeddable":true,"href":"https:\/\/jms.com.bo\/mediamonitorbo\/wp-json\/wp\/v2\/comments?post=437"}],"version-history":[{"count":0,"href":"https:\/\/jms.com.bo\/mediamonitorbo\/wp-json\/wp\/v2\/posts\/437\/revisions"}],"wp:featuredmedia":[{"embeddable":true,"href":"https:\/\/jms.com.bo\/mediamonitorbo\/wp-json\/wp\/v2\/media\/438"}],"wp:attachment":[{"href":"https:\/\/jms.com.bo\/mediamonitorbo\/wp-json\/wp\/v2\/media?parent=437"}],"wp:term":[{"taxonomy":"category","embeddable":true,"href":"https:\/\/jms.com.bo\/mediamonitorbo\/wp-json\/wp\/v2\/categories?post=437"},{"taxonomy":"post_tag","embeddable":true,"href":"https:\/\/jms.com.bo\/mediamonitorbo\/wp-json\/wp\/v2\/tags?post=437"}],"curies":[{"name":"wp","href":"https:\/\/api.w.org\/{rel}","templated":true}]}}