{"id":439,"date":"2025-01-22T07:31:00","date_gmt":"2025-01-22T11:31:00","guid":{"rendered":"https:\/\/jms.com.bo\/mediamonitorbo\/2025\/01\/22\/gobierno-asegura-que-el-actual-modelo-productivo-hizo-que-bolivia-logre-cambios-cuantificables-en-la-economia\/"},"modified":"2025-01-22T07:31:00","modified_gmt":"2025-01-22T11:31:00","slug":"gobierno-asegura-que-el-actual-modelo-productivo-hizo-que-bolivia-logre-cambios-cuantificables-en-la-economia","status":"publish","type":"post","link":"https:\/\/jms.com.bo\/mediamonitorbo\/2025\/01\/22\/gobierno-asegura-que-el-actual-modelo-productivo-hizo-que-bolivia-logre-cambios-cuantificables-en-la-economia\/","title":{"rendered":"Gobierno asegura que el actual modelo productivo hizo que Bolivia logre cambios cuantificables en la econom\u00eda"},"content":{"rendered":"<p>A trav\u00e9s de un bolet\u00edn institucional, el Gobierno nacional se\u00f1al\u00f3 que gracias al actual modelo econ\u00f3mico social comunitario productivo, puesto en vigencia en 2006, Bolivia experiment\u00f3 transformaciones en su estructura econ\u00f3mica y social.<br \/>\nEl lunes, la C\u00e1mara de Industria, Comercio, Servicios y Turismo de Santa Cruz (Cainco) realiz\u00f3 varios cuestionamientos al Gobierno de Luis Arce debido a la crisis econ\u00f3mica y pol\u00edtica que atraviesa el pa\u00eds. Adem\u00e1s, sugiri\u00f3 que la actual administraci\u00f3n estatal ha perdido su direcci\u00f3n y por ello deben repensar las estrategias implementadas.<br \/>\nEn el comunicado gubernamental, emitido por el Ministerio de Econom\u00eda y Finanzas P\u00fablicas, se hace una diferenciaci\u00f3n entre el modelo econ\u00f3mico del MAS y el modelo neoliberal, aplicado entre los gobiernos de 1985 y 2005.<br \/>\n\u201cLa comparaci\u00f3n de los resultados arrojados por ambos modelos permite identificar cambios no solo en el crecimiento econ\u00f3mico o la pobreza, sino en otros indicadores macroecon\u00f3micos y sociales\u201d, se\u00f1ala el bolet\u00edn.<br \/>\nPor ejemplo, el crecimiento econ\u00f3mico promedio pas\u00f3 del 3,0% bajo el modelo neoliberal (1985-2005) al 4,7% entre 2006 y 2019, e incluso tras la crisis pol\u00edtica de 2019 y la pandemia por el covid creci\u00f3 al 4,3% entre 2021 y 2023. \u201cEsta expansi\u00f3n refleja no solo un incremento cuantitativo del PIB, sino el \u00e9xito de un enfoque que prioriza la inversi\u00f3n p\u00fablica y la demanda interna como motores del crecimiento\u201d, indic\u00f3 el comunicado ministerial.<br \/>\nAseguran tambi\u00e9n que el Estado asumi\u00f3 el papel de redistribuidor, invirtiendo en infraestructura, programas sociales y fortalecimiento de la demanda interna.<br \/>\n\u201cEn 2005, el PIB per c\u00e1pita era de $us 1.037, mientras en 2023 alcanz\u00f3 los $us 3.736, un aumento de m\u00e1s de tres veces. Este avance se acompa\u00f1a de una significativa reducci\u00f3n de la pobreza\u201d.<br \/>\nSe a\u00f1adi\u00f3 que el porcentaje de la poblaci\u00f3n en situaci\u00f3n de pobreza moderada disminuy\u00f3 del 60,6% en 2005 al 36,5% en 2023, mientras la pobreza extrema se redujo del 38,2% en 2005 al 11,9% en 2023, es decir, m\u00e1s de tres veces.<br \/>\nInflaci\u00f3n y exportaciones<br \/>\nEn cuanto a la inflaci\u00f3n, seg\u00fan el Gobierno \u201cel modelo neoliberal registr\u00f3 una tasa promedio del 8,7% entre 1987 y 2005, pero con la aplicaci\u00f3n del modelo econ\u00f3mico social comunitario productivo\u201d, el indicador se redujo a un promedio de 5,1% entre 2006 y 2019, y de 4,0% promedio entre 2021 y 2024.<br \/>\nPor otro lado, destac\u00f3 que el valor de las exportaciones anuales creci\u00f3 de un promedio de $us 1.138 millones entre 1985 y 2005 a $us 8.929 millones entre 2006 y 2023; es decir -seg\u00fan el ministerio- que las cifras casi se multiplicaron por ocho.<br \/>\n\u201cEntre 2005 y noviembre de 2024, la mora se redujo del 10,1% al 3,4%, ubicando a Bolivia en el cuarto lugar entre diez pa\u00edses de Am\u00e9rica del Sur; en 2005 Bolivia era el pa\u00eds con la tasa de mora m\u00e1s alta de este mismo grupo de pa\u00edses\u201d, dice el documento de la cartera de Econom\u00eda.<br \/>\nTambi\u00e9n indicaron que \u201cla bolivianizaci\u00f3n del sistema financiero\u201d se fortaleci\u00f3 aumentando la proporci\u00f3n de ahorros y cr\u00e9ditos en moneda nacional a noviembre de 2024 al 91% y 99%, respectivamente, mientras que, en 2005, al final del per\u00edodo neoliberal, solo el 15% del ahorro financiero y el 7% de los cr\u00e9ditos estaban colocados en moneda nacional.<br \/>\nLa inversi\u00f3n p\u00fablica acumulada aument\u00f3 de $us 9.966 millones entre 1987 y 2005 a $us 50.457 millones entre 2006 y 2023, lo que evidencia el fortalecimiento del papel del Estado como inversor estrat\u00e9gico.<br \/>\nAdem\u00e1s, en estos 19 a\u00f1os, se produjo una reducci\u00f3n de la deuda p\u00fablica externa de mediano y largo plazo como porcentaje del PIB del 67,1% promedio entre 1985 y 2005 al 22,1% entre 2006 y 2024.<br \/>\nFinalmente, se refiri\u00f3 al salario m\u00ednimo nacional, indicando que aument\u00f3 de Bs 440 en 2005 a Bs 2.500 en 2024; en tanto que la tasa de desocupaci\u00f3n urbana se redujo del 8,3% en promedio entre 2000 y 2005 al 4,7% en promedio entre 2006 y 2023; es decir, que se redujo casi a la mitad.<br \/>\n\u201cEstos indicadores evidencian cambios cuantificables en la econom\u00eda del pa\u00eds, reflejo de una transformaci\u00f3n estructural en Bolivia, impulsada por pol\u00edticas aplicadas en el marco del modelo econ\u00f3mico social comunitario productivo.<br \/>\nPreguntas deben ser respondidas<br \/>\nJean Pierre Antelo, presidente de Cainco, sostuvo que la mayor\u00eda de las preguntas que se dieron a conocer ayer deben ser respondidas por la primera autoridad del pa\u00eds, Luis Arce Catacora, porque es \u201cquien ha sido el arquitecto y principal defensor\u201d del actual modelo de Gobierno.<br \/>\n\u201cUn modelo productivo que hoy, en momentos de vacas flacas, no ha funcionado\u201d, agreg\u00f3 Antelo en una entrevista en el programa Dicho y Hecho.<br \/>\nEl titular de Cainco dijo que se est\u00e1 solicitando \u201cuna respuesta sincera\u201d de Luis Arce y una autocritica al modelo econ\u00f3mico del que se dec\u00eda que era exitoso, pero que ahora no est\u00e1 dando los resultados esperados al pa\u00eds.<\/p>\n","protected":false},"excerpt":{"rendered":"<p>A trav\u00e9s de un bolet\u00edn institucional, el Gobierno nacional se\u00f1al\u00f3 que gracias al actual modelo econ\u00f3mico social comunitario productivo, puesto en vigencia en 2006, Bolivia experiment\u00f3 transformaciones en su estructura econ\u00f3mica y social. El lunes, la C\u00e1mara de Industria, Comercio, Servicios y Turismo de Santa Cruz (Cainco) realiz\u00f3 varios cuestionamientos al Gobierno de Luis Arce [&hellip;]<\/p>\n","protected":false},"author":1,"featured_media":440,"comment_status":"","ping_status":"open","sticky":false,"template":"","format":"standard","meta":{"pagelayer_contact_templates":[],"_pagelayer_content":"","footnotes":""},"categories":[19],"tags":[],"class_list":{"0":"post-439","1":"post","2":"type-post","3":"status-publish","4":"format-standard","5":"has-post-thumbnail","7":"category-economia"},"_links":{"self":[{"href":"https:\/\/jms.com.bo\/mediamonitorbo\/wp-json\/wp\/v2\/posts\/439","targetHints":{"allow":["GET"]}}],"collection":[{"href":"https:\/\/jms.com.bo\/mediamonitorbo\/wp-json\/wp\/v2\/posts"}],"about":[{"href":"https:\/\/jms.com.bo\/mediamonitorbo\/wp-json\/wp\/v2\/types\/post"}],"author":[{"embeddable":true,"href":"https:\/\/jms.com.bo\/mediamonitorbo\/wp-json\/wp\/v2\/users\/1"}],"replies":[{"embeddable":true,"href":"https:\/\/jms.com.bo\/mediamonitorbo\/wp-json\/wp\/v2\/comments?post=439"}],"version-history":[{"count":0,"href":"https:\/\/jms.com.bo\/mediamonitorbo\/wp-json\/wp\/v2\/posts\/439\/revisions"}],"wp:featuredmedia":[{"embeddable":true,"href":"https:\/\/jms.com.bo\/mediamonitorbo\/wp-json\/wp\/v2\/media\/440"}],"wp:attachment":[{"href":"https:\/\/jms.com.bo\/mediamonitorbo\/wp-json\/wp\/v2\/media?parent=439"}],"wp:term":[{"taxonomy":"category","embeddable":true,"href":"https:\/\/jms.com.bo\/mediamonitorbo\/wp-json\/wp\/v2\/categories?post=439"},{"taxonomy":"post_tag","embeddable":true,"href":"https:\/\/jms.com.bo\/mediamonitorbo\/wp-json\/wp\/v2\/tags?post=439"}],"curies":[{"name":"wp","href":"https:\/\/api.w.org\/{rel}","templated":true}]}}