{"id":441,"date":"2025-01-22T07:29:37","date_gmt":"2025-01-22T11:29:37","guid":{"rendered":"https:\/\/jms.com.bo\/mediamonitorbo\/2025\/01\/22\/instalacion-de-fibra-optica-llega-al-100-en-capitales-de-municipios-e-ingresara-al-hogar-con-bs-58-millones-de-inversion\/"},"modified":"2025-01-22T07:29:37","modified_gmt":"2025-01-22T11:29:37","slug":"instalacion-de-fibra-optica-llega-al-100-en-capitales-de-municipios-e-ingresara-al-hogar-con-bs-58-millones-de-inversion","status":"publish","type":"post","link":"https:\/\/jms.com.bo\/mediamonitorbo\/2025\/01\/22\/instalacion-de-fibra-optica-llega-al-100-en-capitales-de-municipios-e-ingresara-al-hogar-con-bs-58-millones-de-inversion\/","title":{"rendered":"Instalaci\u00f3n de Fibra \u00d3ptica llega al 100% en capitales de municipios e ingresar\u00e1 al hogar con Bs 58 millones de inversi\u00f3n"},"content":{"rendered":"<p>Al 100% lleg\u00f3 la instalaci\u00f3n de Fibra \u00d3ptica en capitales de municipios del pa\u00eds y ahora ingresar\u00e1 al hogar con una inversi\u00f3n de Bs 58 millones, a trav\u00e9s de la Empresa Nacional de Telecomunicaciones (Entel), inform\u00f3 este martes el ministro de Obras P\u00fablicas, Edgar Monta\u00f1o.<br \/>\n\u201cYa hemos cumplido con el 100% de la instalaci\u00f3n de Fibra \u00d3ptica en todas las capitales de municipios, ahora el presidente (Luis Arce) nos ha autorizado e instruido que podamos ingresar ahora al hogar; es decir, desde el nodo principal que llega a cada capital de municipio, ahora desde ese nodo vamos a entrar hacia el hogar, y para eso estamos disponiendo m\u00e1s de 58 millones de bolivianos\u201d, explic\u00f3 la autoridad, en conferencia de prensa.<br \/>\nIndic\u00f3 que la instalaci\u00f3n para ingresar fibra \u00f3ptica al hogar estar\u00e1 a cargo de Entel y los trabajos se iniciar\u00e1n a partir de febrero.<br \/>\n\u201cSon buenas noticias para todos nuestros hermanos que a\u00fan no se han beneficiado con la instalaci\u00f3n de Fibra \u00d3ptica en su hogar\u201d, resalt\u00f3.<br \/>\nAsimismo, inform\u00f3 que ser\u00e1n inauguradas 20 Radios Bases en el departamento de La Paz, precisamente en las localidades de Curva, Asunta, Pelechucho, Sorata, Ancoraimes, Apolo, Calamarca, Chara\u00f1a, Guanay, Malla, Inquisivi, Tiwanaku, Batallas, Colquiri, Coroico, Quime y Viacha.<br \/>\n\u201cDe 106 Radio Bases, 20 est\u00e1n ya listas para la ch\u2019alla correspondiente y 86 radio bases vamos a comenzar en la primera quincena de febrero. Estamos beneficiando a todos los sectores que no ten\u00edan comunicaci\u00f3n por Radio Bases, estamos impulsando la Fibra \u00d3ptica y la comunicaci\u00f3n por Radio Bases\u201d, destac\u00f3 Monta\u00f1o.<\/p>\n","protected":false},"excerpt":{"rendered":"<p>Al 100% lleg\u00f3 la instalaci\u00f3n de Fibra \u00d3ptica en capitales de municipios del pa\u00eds y ahora ingresar\u00e1 al hogar con una inversi\u00f3n de Bs 58 millones, a trav\u00e9s de la Empresa Nacional de Telecomunicaciones (Entel), inform\u00f3 este martes el ministro de Obras P\u00fablicas, Edgar Monta\u00f1o. \u201cYa hemos cumplido con el 100% de la instalaci\u00f3n de [&hellip;]<\/p>\n","protected":false},"author":1,"featured_media":442,"comment_status":"","ping_status":"open","sticky":false,"template":"","format":"standard","meta":{"pagelayer_contact_templates":[],"_pagelayer_content":"","footnotes":""},"categories":[19],"tags":[],"class_list":{"0":"post-441","1":"post","2":"type-post","3":"status-publish","4":"format-standard","5":"has-post-thumbnail","7":"category-economia"},"_links":{"self":[{"href":"https:\/\/jms.com.bo\/mediamonitorbo\/wp-json\/wp\/v2\/posts\/441","targetHints":{"allow":["GET"]}}],"collection":[{"href":"https:\/\/jms.com.bo\/mediamonitorbo\/wp-json\/wp\/v2\/posts"}],"about":[{"href":"https:\/\/jms.com.bo\/mediamonitorbo\/wp-json\/wp\/v2\/types\/post"}],"author":[{"embeddable":true,"href":"https:\/\/jms.com.bo\/mediamonitorbo\/wp-json\/wp\/v2\/users\/1"}],"replies":[{"embeddable":true,"href":"https:\/\/jms.com.bo\/mediamonitorbo\/wp-json\/wp\/v2\/comments?post=441"}],"version-history":[{"count":0,"href":"https:\/\/jms.com.bo\/mediamonitorbo\/wp-json\/wp\/v2\/posts\/441\/revisions"}],"wp:featuredmedia":[{"embeddable":true,"href":"https:\/\/jms.com.bo\/mediamonitorbo\/wp-json\/wp\/v2\/media\/442"}],"wp:attachment":[{"href":"https:\/\/jms.com.bo\/mediamonitorbo\/wp-json\/wp\/v2\/media?parent=441"}],"wp:term":[{"taxonomy":"category","embeddable":true,"href":"https:\/\/jms.com.bo\/mediamonitorbo\/wp-json\/wp\/v2\/categories?post=441"},{"taxonomy":"post_tag","embeddable":true,"href":"https:\/\/jms.com.bo\/mediamonitorbo\/wp-json\/wp\/v2\/tags?post=441"}],"curies":[{"name":"wp","href":"https:\/\/api.w.org\/{rel}","templated":true}]}}