{"id":445,"date":"2025-01-22T07:26:19","date_gmt":"2025-01-22T11:26:19","guid":{"rendered":"https:\/\/jms.com.bo\/mediamonitorbo\/2025\/01\/22\/cuellar-senala-que-tse-esta-perdiendo-la-brujula-al-pedir-a-los-politicos-que-blinden-las-elecciones\/"},"modified":"2025-01-22T07:26:19","modified_gmt":"2025-01-22T11:26:19","slug":"cuellar-senala-que-tse-esta-perdiendo-la-brujula-al-pedir-a-los-politicos-que-blinden-las-elecciones","status":"publish","type":"post","link":"https:\/\/jms.com.bo\/mediamonitorbo\/2025\/01\/22\/cuellar-senala-que-tse-esta-perdiendo-la-brujula-al-pedir-a-los-politicos-que-blinden-las-elecciones\/","title":{"rendered":"Cu\u00e9llar se\u00f1ala que TSE est\u00e1 perdiendo \u2018la br\u00fajula\u2019 al pedir a los pol\u00edticos que blinden las elecciones"},"content":{"rendered":"<p>El rector de la Universidad Aut\u00f3noma Gabriel Ren\u00e9 Moreno, Vicente Cu\u00e9llar, se\u00f1al\u00f3 este martes que el Tribunal Supremo Electoral (TSE) est\u00e1 perdiendo \u201cla br\u00fajula\u201d al pedir a los pol\u00edticos que blinden las elecciones generales del 2025.<br \/>\n\u201cEl Tribunal Supremo Electoral cree que hablando con los pol\u00edticos pueda blindar las elecciones generales. Solo va a blindar las elecciones si act\u00faa en el marco de la ley y de la Constituci\u00f3n\u201d, indic\u00f3.<br \/>\nEl TSE convoc\u00f3 a un encuentro nacional para \u201cblindar\u201d las elecciones presidenciales. Se prev\u00e9 que este encuentro se realice el 17 de febrero, seg\u00fan declaraciones del vocal Tahuichi Tahuichi.<br \/>\nEn tanto, el vocal Gustavo \u00c1vila indic\u00f3 que se har\u00e1 llegar la convocatoria a los representantes de las organizaciones pol\u00edticas con directiva vigente, los presidentes de las c\u00e1maras de Diputados y Senadores, Omar Yujra y Andr\u00f3nico Rodr\u00edguez, respectivamente, y el presidente nato de la Asamblea Legislativa, David Choquehuanca.<br \/>\nLa viceministra de Comunicaci\u00f3n, Gabriela Alc\u00f3n, inform\u00f3 el lunes que el presidente Luis Arce se comunic\u00f3 con el presidente del TSE, \u00d3scar Hassenteufel, y confirm\u00f3 su participaci\u00f3n a este encuentro nacional.<br \/>\nCuellar dijo que \u201ctodo di\u00e1logo es importante\u201d, pero, reiter\u00f3 que el TSE est\u00e1 perdiendo \u201cpoco a poco\u201d la br\u00fajula desde el convenio firmado con el Tribunal Constitucional Plurinacional, al transferir competencias \u201cexclusivas\u201d de ese tribunal.<br \/>\nDijo que el TSE act\u00faa bajo el principio de preclusi\u00f3n y \u201cno puede ser que transfiera esta competencia\u201d para que el TCP se comprometa a dar celeridad y resuelva recursos que sean planteados por los candidatos.<br \/>\n\u201cEstamos cayendo en un vac\u00edo que va a ser muy dif\u00edcil reconducirlo. El TSE tiene competencias para sacar resoluciones y esas resoluciones son inapelables\u201d.<br \/>\nEl 16 de enero, el TSE y el TCP suscribieron un acuerdo de colaboraci\u00f3n conjunta para garantizar las elecciones generales, que deben llevarse a cabo, seg\u00fan lo previsto, el 10 de agosto de 2025.<\/p>\n","protected":false},"excerpt":{"rendered":"<p>El rector de la Universidad Aut\u00f3noma Gabriel Ren\u00e9 Moreno, Vicente Cu\u00e9llar, se\u00f1al\u00f3 este martes que el Tribunal Supremo Electoral (TSE) est\u00e1 perdiendo \u201cla br\u00fajula\u201d al pedir a los pol\u00edticos que blinden las elecciones generales del 2025. \u201cEl Tribunal Supremo Electoral cree que hablando con los pol\u00edticos pueda blindar las elecciones generales. Solo va a blindar [&hellip;]<\/p>\n","protected":false},"author":1,"featured_media":446,"comment_status":"","ping_status":"open","sticky":false,"template":"","format":"standard","meta":{"pagelayer_contact_templates":[],"_pagelayer_content":"","footnotes":""},"categories":[20],"tags":[],"class_list":{"0":"post-445","1":"post","2":"type-post","3":"status-publish","4":"format-standard","5":"has-post-thumbnail","7":"category-politica"},"_links":{"self":[{"href":"https:\/\/jms.com.bo\/mediamonitorbo\/wp-json\/wp\/v2\/posts\/445","targetHints":{"allow":["GET"]}}],"collection":[{"href":"https:\/\/jms.com.bo\/mediamonitorbo\/wp-json\/wp\/v2\/posts"}],"about":[{"href":"https:\/\/jms.com.bo\/mediamonitorbo\/wp-json\/wp\/v2\/types\/post"}],"author":[{"embeddable":true,"href":"https:\/\/jms.com.bo\/mediamonitorbo\/wp-json\/wp\/v2\/users\/1"}],"replies":[{"embeddable":true,"href":"https:\/\/jms.com.bo\/mediamonitorbo\/wp-json\/wp\/v2\/comments?post=445"}],"version-history":[{"count":0,"href":"https:\/\/jms.com.bo\/mediamonitorbo\/wp-json\/wp\/v2\/posts\/445\/revisions"}],"wp:featuredmedia":[{"embeddable":true,"href":"https:\/\/jms.com.bo\/mediamonitorbo\/wp-json\/wp\/v2\/media\/446"}],"wp:attachment":[{"href":"https:\/\/jms.com.bo\/mediamonitorbo\/wp-json\/wp\/v2\/media?parent=445"}],"wp:term":[{"taxonomy":"category","embeddable":true,"href":"https:\/\/jms.com.bo\/mediamonitorbo\/wp-json\/wp\/v2\/categories?post=445"},{"taxonomy":"post_tag","embeddable":true,"href":"https:\/\/jms.com.bo\/mediamonitorbo\/wp-json\/wp\/v2\/tags?post=445"}],"curies":[{"name":"wp","href":"https:\/\/api.w.org\/{rel}","templated":true}]}}