{"id":447,"date":"2025-01-22T07:24:34","date_gmt":"2025-01-22T11:24:34","guid":{"rendered":"https:\/\/jms.com.bo\/mediamonitorbo\/2025\/01\/22\/el-evismo-negocia-con-el-movimiento-tercer-sistema-y-otros-partidos-para-participar-de-las-elecciones-generales\/"},"modified":"2025-01-22T07:24:34","modified_gmt":"2025-01-22T11:24:34","slug":"el-evismo-negocia-con-el-movimiento-tercer-sistema-y-otros-partidos-para-participar-de-las-elecciones-generales","status":"publish","type":"post","link":"https:\/\/jms.com.bo\/mediamonitorbo\/2025\/01\/22\/el-evismo-negocia-con-el-movimiento-tercer-sistema-y-otros-partidos-para-participar-de-las-elecciones-generales\/","title":{"rendered":"El evismo negocia con el Movimiento Tercer Sistema y otros partidos para participar de las elecciones generales"},"content":{"rendered":"<p>A trav\u00e9s de un comunicado, el evismo revel\u00f3 este martes que existen negociaciones con el Movimiento Tercer Sistema (MTS) de F\u00e9lix Patzi y otras organizaciones sociales con el fin de participar de las elecciones generales 2025, previstas para agosto.<br \/>\nAclar\u00f3 que las negociaciones con el MTS son a solicitud de esa sigla pol\u00edtica. Pero, adem\u00e1s, dijo que el equipo pol\u00edtico y jur\u00eddico del Instrumento Pol\u00edtico por la Soberan\u00eda de los Pueblos lleva adelante negociaciones con otras organizaciones \u201cdel m\u00e1s alto sentido democr\u00e1tico (\u2026) en busca de la unidad\u201d.<br \/>\nEl documento lleva las firmas de Gerardo Garc\u00eda, Froil\u00e1n Fulguera y otros altos directivos del cesado directorio del Movimiento Al Socialismo (MAS) en noviembre de 2024.<br \/>\nEl lunes, Nelson Virreira, secretario general de la Federaci\u00f3n Sindical \u00danica de Trabajadores Campesinos de Cochabamba, paralelo y af\u00edn al expresidente Evo Morales, anunci\u00f3 que el 7 de febrero se tendr\u00e1 un ampliado departamental con el objetivo de relanzar el instrumento pol\u00edtico con miras a las elecciones generales 2025, previstas para agosto.<br \/>\nAfirm\u00f3 que el instrumento pol\u00edtico \u201cno es la sigla ni el nombre\u201d como tal, sino es \u201cla militancia, la estructura org\u00e1nica, los principios ideol\u00f3gicos, el liderazgo de Evo Morales\u201d.<br \/>\nDesde el evismo aseguraron que cinco partidos ya ofrecieron su sigla para que Morales sea candidato y participe de las comicios presidenciales.<br \/>\nEn noviembre de 2024, la Justicia conmin\u00f3 al Tribunal Supremo Electoral (TSE) a reconocer la direcci\u00f3n del Movimiento Al Socialismo (MAS), a la directiva electa en el congreso de la ciudad de El Alto en mayo de ese mismo a\u00f1o, encabezada por Grover Garc\u00eda, af\u00edn al presidente Luis Arce.<br \/>\nTras esta determinaci\u00f3n, el l\u00edder cocalero se\u00f1al\u00f3 que participar\u00e1 de las elecciones generales 2025 con o sin la sigla del MAS. Fueron 26 a\u00f1os del expresidente al frente de uno de los partidos m\u00e1s importantes de la historia del pa\u00eds.<\/p>\n","protected":false},"excerpt":{"rendered":"<p>A trav\u00e9s de un comunicado, el evismo revel\u00f3 este martes que existen negociaciones con el Movimiento Tercer Sistema (MTS) de F\u00e9lix Patzi y otras organizaciones sociales con el fin de participar de las elecciones generales 2025, previstas para agosto. Aclar\u00f3 que las negociaciones con el MTS son a solicitud de esa sigla pol\u00edtica. Pero, adem\u00e1s, [&hellip;]<\/p>\n","protected":false},"author":1,"featured_media":448,"comment_status":"","ping_status":"open","sticky":false,"template":"","format":"standard","meta":{"pagelayer_contact_templates":[],"_pagelayer_content":"","footnotes":""},"categories":[20],"tags":[],"class_list":{"0":"post-447","1":"post","2":"type-post","3":"status-publish","4":"format-standard","5":"has-post-thumbnail","7":"category-politica"},"_links":{"self":[{"href":"https:\/\/jms.com.bo\/mediamonitorbo\/wp-json\/wp\/v2\/posts\/447","targetHints":{"allow":["GET"]}}],"collection":[{"href":"https:\/\/jms.com.bo\/mediamonitorbo\/wp-json\/wp\/v2\/posts"}],"about":[{"href":"https:\/\/jms.com.bo\/mediamonitorbo\/wp-json\/wp\/v2\/types\/post"}],"author":[{"embeddable":true,"href":"https:\/\/jms.com.bo\/mediamonitorbo\/wp-json\/wp\/v2\/users\/1"}],"replies":[{"embeddable":true,"href":"https:\/\/jms.com.bo\/mediamonitorbo\/wp-json\/wp\/v2\/comments?post=447"}],"version-history":[{"count":0,"href":"https:\/\/jms.com.bo\/mediamonitorbo\/wp-json\/wp\/v2\/posts\/447\/revisions"}],"wp:featuredmedia":[{"embeddable":true,"href":"https:\/\/jms.com.bo\/mediamonitorbo\/wp-json\/wp\/v2\/media\/448"}],"wp:attachment":[{"href":"https:\/\/jms.com.bo\/mediamonitorbo\/wp-json\/wp\/v2\/media?parent=447"}],"wp:term":[{"taxonomy":"category","embeddable":true,"href":"https:\/\/jms.com.bo\/mediamonitorbo\/wp-json\/wp\/v2\/categories?post=447"},{"taxonomy":"post_tag","embeddable":true,"href":"https:\/\/jms.com.bo\/mediamonitorbo\/wp-json\/wp\/v2\/tags?post=447"}],"curies":[{"name":"wp","href":"https:\/\/api.w.org\/{rel}","templated":true}]}}