{"id":451,"date":"2025-01-22T07:21:37","date_gmt":"2025-01-22T11:21:37","guid":{"rendered":"https:\/\/jms.com.bo\/mediamonitorbo\/2025\/01\/22\/sedes-la-paz-registra-mas-de-13-mil-casos-de-infecciones-respiratorias-y-los-contagios-de-covid-19-suben-a-80\/"},"modified":"2025-01-22T07:21:37","modified_gmt":"2025-01-22T11:21:37","slug":"sedes-la-paz-registra-mas-de-13-mil-casos-de-infecciones-respiratorias-y-los-contagios-de-covid-19-suben-a-80","status":"publish","type":"post","link":"https:\/\/jms.com.bo\/mediamonitorbo\/2025\/01\/22\/sedes-la-paz-registra-mas-de-13-mil-casos-de-infecciones-respiratorias-y-los-contagios-de-covid-19-suben-a-80\/","title":{"rendered":"Sedes-La Paz registra m\u00e1s de 13 mil casos de infecciones respiratorias y los contagios de COVID-19 suben a 80"},"content":{"rendered":"<p>Durante la \u00faltima semana, el Servicio Departamental de Salud (Sedes) de La Paz registr\u00f3 un incremento \u201cexponencial\u201d en los casos de infecciones respiratorias agudas (IRAs), alcanzando 13.075 casos, lo que representa un aumento del 15%.<br \/>\nEn cuanto al COVID-19, los casos ascendieron a 80: 77 en La Paz y tres en El Alto.<br \/>\nEn este contexto, debido al aumento de los contagios de COVID-19, se han ampliado los puntos espec\u00edficos de vacunaci\u00f3n. Estos se encuentran en establecimientos de atenci\u00f3n p\u00fablica y operan desde las 08:00 hasta las 20:00.<br \/>\nEn total, se han distribuido 147.984 vacunas en los 87 municipios del departamento de La Paz, abarcando todos los centros de salud.<br \/>\nLa informaci\u00f3n fue proporcionada por el director del Sedes, Javier Mamani, quien indic\u00f3 que, en t\u00e9rminos generales, las enfermedades respiratorias han incrementado debido al periodo de lluvias que atraviesa la regi\u00f3n.<br \/>\nAsimismo, se reportaron 2.650 casos de diarrea aguda y 247 pacientes diagnosticados con neumon\u00eda.<br \/>\nMamani tambi\u00e9n destac\u00f3 la aparici\u00f3n de casos de dengue. Aunque en los primeros d\u00edas del a\u00f1o no se registraron casos, el \u00faltimo informe se\u00f1ala la existencia de cinco: tres en Chulumani y dos en San Buenaventura. Ante esta situaci\u00f3n, se envi\u00f3 personal del Sedes a estas localidades para contener el foco de la enfermedad mediante vigilancia epidemiol\u00f3gica. Si el brote persiste, se movilizar\u00e1 a un mayor n\u00famero de profesionales para reforzar las acciones de control.<br \/>\nPor otra parte, el director del Sedes inform\u00f3 que las siguientes enfermedades contin\u00faan con cero casos en el departamento: fiebre amarilla, influenza, H1N1, H3N2, virus respiratorio sincitial y Oropouche.<\/p>\n","protected":false},"excerpt":{"rendered":"<p>Durante la \u00faltima semana, el Servicio Departamental de Salud (Sedes) de La Paz registr\u00f3 un incremento \u201cexponencial\u201d en los casos de infecciones respiratorias agudas (IRAs), alcanzando 13.075 casos, lo que representa un aumento del 15%. En cuanto al COVID-19, los casos ascendieron a 80: 77 en La Paz y tres en El Alto. En este [&hellip;]<\/p>\n","protected":false},"author":1,"featured_media":452,"comment_status":"","ping_status":"open","sticky":false,"template":"","format":"standard","meta":{"pagelayer_contact_templates":[],"_pagelayer_content":"","footnotes":""},"categories":[21],"tags":[],"class_list":{"0":"post-451","1":"post","2":"type-post","3":"status-publish","4":"format-standard","5":"has-post-thumbnail","7":"category-actualidad"},"_links":{"self":[{"href":"https:\/\/jms.com.bo\/mediamonitorbo\/wp-json\/wp\/v2\/posts\/451","targetHints":{"allow":["GET"]}}],"collection":[{"href":"https:\/\/jms.com.bo\/mediamonitorbo\/wp-json\/wp\/v2\/posts"}],"about":[{"href":"https:\/\/jms.com.bo\/mediamonitorbo\/wp-json\/wp\/v2\/types\/post"}],"author":[{"embeddable":true,"href":"https:\/\/jms.com.bo\/mediamonitorbo\/wp-json\/wp\/v2\/users\/1"}],"replies":[{"embeddable":true,"href":"https:\/\/jms.com.bo\/mediamonitorbo\/wp-json\/wp\/v2\/comments?post=451"}],"version-history":[{"count":0,"href":"https:\/\/jms.com.bo\/mediamonitorbo\/wp-json\/wp\/v2\/posts\/451\/revisions"}],"wp:featuredmedia":[{"embeddable":true,"href":"https:\/\/jms.com.bo\/mediamonitorbo\/wp-json\/wp\/v2\/media\/452"}],"wp:attachment":[{"href":"https:\/\/jms.com.bo\/mediamonitorbo\/wp-json\/wp\/v2\/media?parent=451"}],"wp:term":[{"taxonomy":"category","embeddable":true,"href":"https:\/\/jms.com.bo\/mediamonitorbo\/wp-json\/wp\/v2\/categories?post=451"},{"taxonomy":"post_tag","embeddable":true,"href":"https:\/\/jms.com.bo\/mediamonitorbo\/wp-json\/wp\/v2\/tags?post=451"}],"curies":[{"name":"wp","href":"https:\/\/api.w.org\/{rel}","templated":true}]}}