{"id":457,"date":"2025-01-22T07:16:55","date_gmt":"2025-01-22T11:16:55","guid":{"rendered":"https:\/\/jms.com.bo\/mediamonitorbo\/2025\/01\/22\/guardias-municipales-protestan-en-la-casa-del-alcalde-en-santa-cruz-pese-a-ultimatum\/"},"modified":"2025-01-22T07:16:55","modified_gmt":"2025-01-22T11:16:55","slug":"guardias-municipales-protestan-en-la-casa-del-alcalde-en-santa-cruz-pese-a-ultimatum","status":"publish","type":"post","link":"https:\/\/jms.com.bo\/mediamonitorbo\/2025\/01\/22\/guardias-municipales-protestan-en-la-casa-del-alcalde-en-santa-cruz-pese-a-ultimatum\/","title":{"rendered":"Guardias municipales protestan en la casa del alcalde en Santa Cruz pese a ultim\u00e1tum"},"content":{"rendered":"<p>Los guardias municipales de Santa Cruz, en paro hace 18 d\u00edas, elevaron el tono de sus protestas al manifestarse frente a la casa del alcalde Jhonny Fern\u00e1ndez, a pesar del ultim\u00e1tum del Gobierno Aut\u00f3nomo Municipal que les dio un plazo de tres d\u00edas para levantar sus medidas y presentarse a la fuente laboral.<br \/>\nEste martes, la alcald\u00eda exhort\u00f3 a los guardias municipales a retornar al trabajo en un plazo de tres d\u00edas, caso contrario, prescindir\u00e1 de ese personal y convocar\u00e1 a otra gente para que cumpla con la labor de brindar seguridad a la poblaci\u00f3n.<br \/>\nEl vocero municipal, Bernardo Montenegro, asever\u00f3 que la Alcald\u00eda firm\u00f3 los contratos para 400 gendarmes. Pero que, si no retornan al trabajo, los mismos ser\u00e1n revocados.<br \/>\nUltim\u00e1tum a Guardias<br \/>\n\u201cHay m\u00e1s de 400 contratos firmados para la guardia municipal. Pero si no retornan en tres d\u00edas estos contratos ser\u00e1n revocados y se convocar\u00e1 a la gente que s\u00ed quiera trabajar por la ciudadan\u00eda\u201d, se\u00f1al\u00f3 Montenegro en conferencia de prensa.<br \/>\nLos guardias cumplen 18 d\u00edas de paro de actividades en reclamo a salarios devengados y recontrataci\u00f3n de todo el personal.<br \/>\n\u201cEstamos aqu\u00ed, porque el alcalde no ha cumplido con contratar al personal que se requiere para que podamos realizar nuestras funciones de manera eficiente. Esto afecta no solo a los trabajadores, sino tambi\u00e9n a la seguridad de la ciudadan\u00eda\u201d, asegur\u00f3 un portavoz de los movilizados.<br \/>\nLos gendarmes remarcan que seguir\u00e1n con sus movilizaciones hasta que Fern\u00e1ndez no restituya a todos los trabajadores del sector. Porque consideran que todo el personal es necesario para cumplir con las labores de seguridad en la urbe cruce\u00f1a.<br \/>\nLos guardias llegaron incluso a tomar la Quinta Municipal, algo que la Alcald\u00eda considera como acto vand\u00e1lico y en contra de la ciudadan\u00eda cruce\u00f1a.<br \/>\nMontenegro aclar\u00f3 que no se recontrat\u00f3 a un 20% del total de los vigilantes debido a la crisis que atraviesa el pa\u00eds.<\/p>\n","protected":false},"excerpt":{"rendered":"<p>Los guardias municipales de Santa Cruz, en paro hace 18 d\u00edas, elevaron el tono de sus protestas al manifestarse frente a la casa del alcalde Jhonny Fern\u00e1ndez, a pesar del ultim\u00e1tum del Gobierno Aut\u00f3nomo Municipal que les dio un plazo de tres d\u00edas para levantar sus medidas y presentarse a la fuente laboral. Este martes, [&hellip;]<\/p>\n","protected":false},"author":1,"featured_media":458,"comment_status":"","ping_status":"open","sticky":false,"template":"","format":"standard","meta":{"pagelayer_contact_templates":[],"_pagelayer_content":"","footnotes":""},"categories":[22],"tags":[],"class_list":{"0":"post-457","1":"post","2":"type-post","3":"status-publish","4":"format-standard","5":"has-post-thumbnail","7":"category-social"},"_links":{"self":[{"href":"https:\/\/jms.com.bo\/mediamonitorbo\/wp-json\/wp\/v2\/posts\/457","targetHints":{"allow":["GET"]}}],"collection":[{"href":"https:\/\/jms.com.bo\/mediamonitorbo\/wp-json\/wp\/v2\/posts"}],"about":[{"href":"https:\/\/jms.com.bo\/mediamonitorbo\/wp-json\/wp\/v2\/types\/post"}],"author":[{"embeddable":true,"href":"https:\/\/jms.com.bo\/mediamonitorbo\/wp-json\/wp\/v2\/users\/1"}],"replies":[{"embeddable":true,"href":"https:\/\/jms.com.bo\/mediamonitorbo\/wp-json\/wp\/v2\/comments?post=457"}],"version-history":[{"count":0,"href":"https:\/\/jms.com.bo\/mediamonitorbo\/wp-json\/wp\/v2\/posts\/457\/revisions"}],"wp:featuredmedia":[{"embeddable":true,"href":"https:\/\/jms.com.bo\/mediamonitorbo\/wp-json\/wp\/v2\/media\/458"}],"wp:attachment":[{"href":"https:\/\/jms.com.bo\/mediamonitorbo\/wp-json\/wp\/v2\/media?parent=457"}],"wp:term":[{"taxonomy":"category","embeddable":true,"href":"https:\/\/jms.com.bo\/mediamonitorbo\/wp-json\/wp\/v2\/categories?post=457"},{"taxonomy":"post_tag","embeddable":true,"href":"https:\/\/jms.com.bo\/mediamonitorbo\/wp-json\/wp\/v2\/tags?post=457"}],"curies":[{"name":"wp","href":"https:\/\/api.w.org\/{rel}","templated":true}]}}