{"id":461,"date":"2025-01-22T07:14:07","date_gmt":"2025-01-22T11:14:07","guid":{"rendered":"https:\/\/jms.com.bo\/mediamonitorbo\/2025\/01\/22\/gobierno-califica-de-politicas-las-declaraciones-del-presidente-de-la-cainco\/"},"modified":"2025-01-22T07:14:07","modified_gmt":"2025-01-22T11:14:07","slug":"gobierno-califica-de-politicas-las-declaraciones-del-presidente-de-la-cainco","status":"publish","type":"post","link":"https:\/\/jms.com.bo\/mediamonitorbo\/2025\/01\/22\/gobierno-califica-de-politicas-las-declaraciones-del-presidente-de-la-cainco\/","title":{"rendered":"Gobierno califica de \u201cpol\u00edticas\u201d las declaraciones del presidente de la Cainco"},"content":{"rendered":"<p>El viceministro de Defensa al Consumidor, Jorge Silva, y la viceministra de Comunicaci\u00f3n, Gabriela Alc\u00f3n, respondieron a los cuestionamientos del presidente de la C\u00e1mara de Industria, Comercio, Servicios y Turismo de Santa Cruz (Cainco). Advirtieron que tales cuestionamientos son \u201cpol\u00edticos\u201d y que algunos problemas econ\u00f3micos derivaron del paro de evista.<br \/>\nSilva calific\u00f3 las declaraciones de Antelo como pol\u00edticas y acus\u00f3 a la instituci\u00f3n de mantener una postura \u201cneoliberal y discriminadora\u201d. \u201cEl modelo econ\u00f3mico del Gobierno demostr\u00f3 ser efectivo en reducir la extrema pobreza, pero Cainco distorsiona los avances logrados y desinforma a la poblaci\u00f3n sobre la situaci\u00f3n actual\u201d, afirm\u00f3.<br \/>\nEl viceministro destac\u00f3 que la administraci\u00f3n de Luis Arce trabaja en las principales problem\u00e1ticas del pa\u00eds, como la falta de combustible, la seguridad jur\u00eddica y el incremento de precios en productos b\u00e1sicos. Adem\u00e1s, enfatiz\u00f3 que estos desaf\u00edos est\u00e1n vinculados a factores internos y externos que afectan la econom\u00eda nacional.<br \/>\nPor su parte, la viceministra Alc\u00f3n se\u00f1al\u00f3 que el contexto econ\u00f3mico fue complicado debido a eventos como los bloqueos. \u201cFue una gesti\u00f3n muy asediada, con 40 d\u00edas de bloqueo que generaron un gran impacto econ\u00f3mico por intereses personales y electorales. Sin embargo, Bolivia no est\u00e1 en decrecimiento, lo que vivimos es una desaceleraci\u00f3n\u201d, explic\u00f3.<br \/>\nCr\u00edticas de Cainco al Gobierno<br \/>\nEl presidente de la Cainco, Jean Pierre Antelo, expres\u00f3 su preocupaci\u00f3n por el d\u00e9ficit fiscal, la institucionalidad y las garant\u00edas electorales de cara a 2025. \u201cPresidente, \u00bfest\u00e1 usted consciente de que el pa\u00eds tendr\u00e1 en el Bicentenario el d\u00e9ficit fiscal m\u00e1s alto de su historia en t\u00e9rminos absolutos? Esto implica dejar al pa\u00eds sin recursos externos y con una alta emisi\u00f3n inorg\u00e1nica que podr\u00eda generar inflaci\u00f3n en la pr\u00f3xima gesti\u00f3n\u201d, cuestion\u00f3.<br \/>\nAntelo tambi\u00e9n critic\u00f3 la falta de autocr\u00edtica del Gobierno frente a los problemas econ\u00f3micos. \u201c\u00bfSer\u00e1 capaz de contestarle al pa\u00eds sin trasladar culpas y responsabilidades sobre los hechos cr\u00edticos que m\u00e1s preocupan a los bolivianos? \u00bfCu\u00e1l es su idea de autocr\u00edtica?\u201d, insisti\u00f3.<br \/>\nAnte estas cr\u00edticas, Alc\u00f3n subray\u00f3 la importancia de la unidad y el trabajo conjunto. \u201cPara enfrentar estos retos, planteamos un pacto social. Tenemos mesas de trabajo, di\u00e1logo y acuerdos. La soluci\u00f3n pasa por consolidar nuestros recursos a trav\u00e9s de la industrializaci\u00f3n y la sustituci\u00f3n de importaciones. Hay mucho por hacer y en eso estamos trabajando\u201d, concluy\u00f3.<\/p>\n","protected":false},"excerpt":{"rendered":"<p>El viceministro de Defensa al Consumidor, Jorge Silva, y la viceministra de Comunicaci\u00f3n, Gabriela Alc\u00f3n, respondieron a los cuestionamientos del presidente de la C\u00e1mara de Industria, Comercio, Servicios y Turismo de Santa Cruz (Cainco). Advirtieron que tales cuestionamientos son \u201cpol\u00edticos\u201d y que algunos problemas econ\u00f3micos derivaron del paro de evista. Silva calific\u00f3 las declaraciones de [&hellip;]<\/p>\n","protected":false},"author":1,"featured_media":462,"comment_status":"","ping_status":"open","sticky":false,"template":"","format":"standard","meta":{"pagelayer_contact_templates":[],"_pagelayer_content":"","footnotes":""},"categories":[26],"tags":[],"class_list":{"0":"post-461","1":"post","2":"type-post","3":"status-publish","4":"format-standard","5":"has-post-thumbnail","7":"category-alimentos-y-agroindustria"},"_links":{"self":[{"href":"https:\/\/jms.com.bo\/mediamonitorbo\/wp-json\/wp\/v2\/posts\/461","targetHints":{"allow":["GET"]}}],"collection":[{"href":"https:\/\/jms.com.bo\/mediamonitorbo\/wp-json\/wp\/v2\/posts"}],"about":[{"href":"https:\/\/jms.com.bo\/mediamonitorbo\/wp-json\/wp\/v2\/types\/post"}],"author":[{"embeddable":true,"href":"https:\/\/jms.com.bo\/mediamonitorbo\/wp-json\/wp\/v2\/users\/1"}],"replies":[{"embeddable":true,"href":"https:\/\/jms.com.bo\/mediamonitorbo\/wp-json\/wp\/v2\/comments?post=461"}],"version-history":[{"count":0,"href":"https:\/\/jms.com.bo\/mediamonitorbo\/wp-json\/wp\/v2\/posts\/461\/revisions"}],"wp:featuredmedia":[{"embeddable":true,"href":"https:\/\/jms.com.bo\/mediamonitorbo\/wp-json\/wp\/v2\/media\/462"}],"wp:attachment":[{"href":"https:\/\/jms.com.bo\/mediamonitorbo\/wp-json\/wp\/v2\/media?parent=461"}],"wp:term":[{"taxonomy":"category","embeddable":true,"href":"https:\/\/jms.com.bo\/mediamonitorbo\/wp-json\/wp\/v2\/categories?post=461"},{"taxonomy":"post_tag","embeddable":true,"href":"https:\/\/jms.com.bo\/mediamonitorbo\/wp-json\/wp\/v2\/tags?post=461"}],"curies":[{"name":"wp","href":"https:\/\/api.w.org\/{rel}","templated":true}]}}