{"id":463,"date":"2025-01-22T07:12:34","date_gmt":"2025-01-22T11:12:34","guid":{"rendered":"https:\/\/jms.com.bo\/mediamonitorbo\/2025\/01\/22\/pando-alerta-sanitaria-roja-por-los-casos-de-dengue\/"},"modified":"2025-01-22T07:12:34","modified_gmt":"2025-01-22T11:12:34","slug":"pando-alerta-sanitaria-roja-por-los-casos-de-dengue","status":"publish","type":"post","link":"https:\/\/jms.com.bo\/mediamonitorbo\/2025\/01\/22\/pando-alerta-sanitaria-roja-por-los-casos-de-dengue\/","title":{"rendered":"Pando: Alerta sanitaria roja por los casos de dengue"},"content":{"rendered":"<p>El Servicio Departamental de Salud (Sedes) declar\u00f3 alerta sanitaria roja a nivel departamental por el incremento del 210% de casos de dengue en Pando.<br \/>\n\u201cHasta el momento es 210% el incremento de casos positivos, por la pasada gesti\u00f3n (2024), en la misma fecha ten\u00edamos 22 casos, hoy tenemos 68 casos\u201d, indic\u00f3 Danny Mendoza, director T\u00e9cnico del Servicio Departamental de Salud (Sedes).<br \/>\nMencion\u00f3 que el incremento de casos de dengue afect\u00f3 a varios municipios y que se implementar\u00e1n medidas para dar la atenci\u00f3n inmediata del diagn\u00f3stico, tratamiento y seguimiento de la enfermedad.<br \/>\n\u201cDe los 15 municipios, 4 tenemos con casos positivos, eso ha hecho que la mesa de salud y de epidemiolog\u00eda haga la declaratoria de la alerta sanitaria roja a nivel departamental\u201d, indic\u00f3 Mendoza en contacto con Btv.<\/p>\n","protected":false},"excerpt":{"rendered":"<p>El Servicio Departamental de Salud (Sedes) declar\u00f3 alerta sanitaria roja a nivel departamental por el incremento del 210% de casos de dengue en Pando. \u201cHasta el momento es 210% el incremento de casos positivos, por la pasada gesti\u00f3n (2024), en la misma fecha ten\u00edamos 22 casos, hoy tenemos 68 casos\u201d, indic\u00f3 Danny Mendoza, director T\u00e9cnico [&hellip;]<\/p>\n","protected":false},"author":1,"featured_media":464,"comment_status":"","ping_status":"open","sticky":false,"template":"","format":"standard","meta":{"pagelayer_contact_templates":[],"_pagelayer_content":"","footnotes":""},"categories":[32],"tags":[],"class_list":{"0":"post-463","1":"post","2":"type-post","3":"status-publish","4":"format-standard","5":"has-post-thumbnail","7":"category-salud"},"_links":{"self":[{"href":"https:\/\/jms.com.bo\/mediamonitorbo\/wp-json\/wp\/v2\/posts\/463","targetHints":{"allow":["GET"]}}],"collection":[{"href":"https:\/\/jms.com.bo\/mediamonitorbo\/wp-json\/wp\/v2\/posts"}],"about":[{"href":"https:\/\/jms.com.bo\/mediamonitorbo\/wp-json\/wp\/v2\/types\/post"}],"author":[{"embeddable":true,"href":"https:\/\/jms.com.bo\/mediamonitorbo\/wp-json\/wp\/v2\/users\/1"}],"replies":[{"embeddable":true,"href":"https:\/\/jms.com.bo\/mediamonitorbo\/wp-json\/wp\/v2\/comments?post=463"}],"version-history":[{"count":0,"href":"https:\/\/jms.com.bo\/mediamonitorbo\/wp-json\/wp\/v2\/posts\/463\/revisions"}],"wp:featuredmedia":[{"embeddable":true,"href":"https:\/\/jms.com.bo\/mediamonitorbo\/wp-json\/wp\/v2\/media\/464"}],"wp:attachment":[{"href":"https:\/\/jms.com.bo\/mediamonitorbo\/wp-json\/wp\/v2\/media?parent=463"}],"wp:term":[{"taxonomy":"category","embeddable":true,"href":"https:\/\/jms.com.bo\/mediamonitorbo\/wp-json\/wp\/v2\/categories?post=463"},{"taxonomy":"post_tag","embeddable":true,"href":"https:\/\/jms.com.bo\/mediamonitorbo\/wp-json\/wp\/v2\/tags?post=463"}],"curies":[{"name":"wp","href":"https:\/\/api.w.org\/{rel}","templated":true}]}}