{"id":489,"date":"2025-01-21T06:52:00","date_gmt":"2025-01-21T10:52:00","guid":{"rendered":"https:\/\/jms.com.bo\/mediamonitorbo\/2025\/01\/21\/el-tribunal-de-justicia-de-la-can-designa-a-rogelio-mayta-como-su-nuevo-presidente\/"},"modified":"2025-01-21T06:52:00","modified_gmt":"2025-01-21T10:52:00","slug":"el-tribunal-de-justicia-de-la-can-designa-a-rogelio-mayta-como-su-nuevo-presidente","status":"publish","type":"post","link":"https:\/\/jms.com.bo\/mediamonitorbo\/2025\/01\/21\/el-tribunal-de-justicia-de-la-can-designa-a-rogelio-mayta-como-su-nuevo-presidente\/","title":{"rendered":"El Tribunal de Justicia de la CAN designa a Rogelio Mayta como su nuevo presidente"},"content":{"rendered":"<p>El Tribunal de Justicia de la Comunidad Andina (TJCA) design\u00f3 el jueves 16 como su presidente a Rogelio Mayta por el periodo 2025, en remplazo de magistrado \u00cd\u00f1igo Salvador Crespo.<br \/>\n\u201cEl magistrado presidente Rogelio Mayta, de acuerdo a la normativa, representar\u00e1 al Tribunal, dirigir\u00e1 las actividades judiciales y administrativas de la corte andina y presidiera tanto las sesiones del TJCA como las audiencias que se realicen durante su periodo\u201d, se lee en parte del comunicado institucional.<br \/>\nA\u00f1ade que bajo la presidencia de Mayta, el TJCA continuar\u00e1 ejecutando sus funciones al servicio de la integraci\u00f3n andina, el derecho comunitario y los intereses de los ciudadanos andinos.<br \/>\nEl excanciller fue posesionado el 15 de noviembre de 2023 como magistrado del Tribunal de Justicia de la Comunidad Andina.<br \/>\nLos magistrados del Tribunal de Justicia de la Comunidad Andina deben tener residencia permanente en la sede de sus funciones que, en este caso, es Quito, Ecuador.<br \/>\nLa TJCN es presidido rotativamente por un magistrado por un per\u00edodo de un a\u00f1o. Dicha funci\u00f3n es ejercida seg\u00fan el orden que acuerden entre ellos o por sorteo.<br \/>\nSu funci\u00f3n es la de interpretar las normas que conforman el ordenamiento jur\u00eddico de la CAN, controlar la legalidad de los actos y omisiones de los \u00f3rganos comunitarios, y dirimir las controversias sobre cumplimiento de obligaciones de los pa\u00edses andinos.<\/p>\n","protected":false},"excerpt":{"rendered":"<p>El Tribunal de Justicia de la Comunidad Andina (TJCA) design\u00f3 el jueves 16 como su presidente a Rogelio Mayta por el periodo 2025, en remplazo de magistrado \u00cd\u00f1igo Salvador Crespo. \u201cEl magistrado presidente Rogelio Mayta, de acuerdo a la normativa, representar\u00e1 al Tribunal, dirigir\u00e1 las actividades judiciales y administrativas de la corte andina y presidiera [&hellip;]<\/p>\n","protected":false},"author":1,"featured_media":490,"comment_status":"","ping_status":"open","sticky":false,"template":"","format":"standard","meta":{"pagelayer_contact_templates":[],"_pagelayer_content":"","footnotes":""},"categories":[20],"tags":[],"class_list":{"0":"post-489","1":"post","2":"type-post","3":"status-publish","4":"format-standard","5":"has-post-thumbnail","7":"category-politica"},"_links":{"self":[{"href":"https:\/\/jms.com.bo\/mediamonitorbo\/wp-json\/wp\/v2\/posts\/489","targetHints":{"allow":["GET"]}}],"collection":[{"href":"https:\/\/jms.com.bo\/mediamonitorbo\/wp-json\/wp\/v2\/posts"}],"about":[{"href":"https:\/\/jms.com.bo\/mediamonitorbo\/wp-json\/wp\/v2\/types\/post"}],"author":[{"embeddable":true,"href":"https:\/\/jms.com.bo\/mediamonitorbo\/wp-json\/wp\/v2\/users\/1"}],"replies":[{"embeddable":true,"href":"https:\/\/jms.com.bo\/mediamonitorbo\/wp-json\/wp\/v2\/comments?post=489"}],"version-history":[{"count":0,"href":"https:\/\/jms.com.bo\/mediamonitorbo\/wp-json\/wp\/v2\/posts\/489\/revisions"}],"wp:featuredmedia":[{"embeddable":true,"href":"https:\/\/jms.com.bo\/mediamonitorbo\/wp-json\/wp\/v2\/media\/490"}],"wp:attachment":[{"href":"https:\/\/jms.com.bo\/mediamonitorbo\/wp-json\/wp\/v2\/media?parent=489"}],"wp:term":[{"taxonomy":"category","embeddable":true,"href":"https:\/\/jms.com.bo\/mediamonitorbo\/wp-json\/wp\/v2\/categories?post=489"},{"taxonomy":"post_tag","embeddable":true,"href":"https:\/\/jms.com.bo\/mediamonitorbo\/wp-json\/wp\/v2\/tags?post=489"}],"curies":[{"name":"wp","href":"https:\/\/api.w.org\/{rel}","templated":true}]}}