{"id":585,"date":"2025-01-17T04:53:01","date_gmt":"2025-01-17T08:53:01","guid":{"rendered":"https:\/\/jms.com.bo\/mediamonitorbo\/2025\/01\/17\/decomisos-reunion-de-gremiales-de-el-alto-y-gobierno-concluye-sin-acuerdos\/"},"modified":"2025-01-17T04:53:01","modified_gmt":"2025-01-17T08:53:01","slug":"decomisos-reunion-de-gremiales-de-el-alto-y-gobierno-concluye-sin-acuerdos","status":"publish","type":"post","link":"https:\/\/jms.com.bo\/mediamonitorbo\/2025\/01\/17\/decomisos-reunion-de-gremiales-de-el-alto-y-gobierno-concluye-sin-acuerdos\/","title":{"rendered":"Decomisos: reuni\u00f3n de gremiales de El Alto y Gobierno concluye sin acuerdos"},"content":{"rendered":"<p>La reuni\u00f3n entre el Gobierno y la Federaci\u00f3n de Gremiales del Sur de El Alto concluy\u00f3 este jueves sin ning\u00fan acuerdo sobre la disposici\u00f3n s\u00e9ptima del Presupuesto General del Estado (PGE) 2025 sobre decomisos.<br \/>\nEl sector se mantiene en emergencia y anuncia un nuevo encuentro la pr\u00f3xima semana.<br \/>\n\u201cNo hemos quedado en nada, no se ha firmado ning\u00fan documento, nosotros tambi\u00e9n vamos a llevar a las bases para hacer conocer esta situaci\u00f3n en un ampliado; seguimos en estado de emergencia\u201d, declar\u00f3 el dirigente Luis Paco en una improvisada conferencia de prensa.<br \/>\nAsimismo, explic\u00f3 que el sector pide que se elimine a los gremiales de esa disposici\u00f3n, pues \u201chay que separar las cosas entre la familia gremial y las otras personas que puedan estar metidos en el il\u00edcito\u201d por acopio o desv\u00edo de productos.<br \/>\nGremiales<br \/>\nIndic\u00f3 que se determin\u00f3 que volver\u00e1n a reunirse el 23 de enero con el ministro de Econom\u00eda, Marcelo Montenegro, y otras autoridades. En el encuentro de este jueves participaron los ministros de Justicia y de Desarrollo Productivo.<br \/>\nLos gremiales, al igual que otros sectores, piden la eliminaci\u00f3n de la disposici\u00f3n s\u00e9ptima del PGE 2025 pues consideran que les decomisar\u00e1n sus productos.<br \/>\n\u201cSeguimos en estado de emergencia tenemos que hacer conocer a nuestros secretarios generales, se ha quedado en cuarto intermedio. Ellos (las autoridades) ya conoc\u00edan nuestro pliego; pero lo est\u00e1n dilatando\u201d, a\u00f1adi\u00f3.<br \/>\nLa disposici\u00f3n adicional s\u00e9ptima de la Ley del PGE 2025 establece que, \u201ccon la finalidad de garantizar la disponibilidad y abastecimiento de alimentos esenciales, se faculta a las entidades competentes, activar acciones de control, fiscalizaci\u00f3n; confiscaci\u00f3n y\/o decomiso de productos, a los actores de comercializaci\u00f3n de alimentos; que almacenen o retengan y\/o pretendan encarecer los precios de los mismos\u201d.<br \/>\nEsta semana, un ampliado nacional de los gremiales, realizado en los departamentos capitales del pa\u00eds, decidi\u00f3 otorgar un plazo al Gobierno hasta el 31 de enero para derogar la disposici\u00f3n adicional s\u00e9ptima del PGE.<\/p>\n","protected":false},"excerpt":{"rendered":"<p>La reuni\u00f3n entre el Gobierno y la Federaci\u00f3n de Gremiales del Sur de El Alto concluy\u00f3 este jueves sin ning\u00fan acuerdo sobre la disposici\u00f3n s\u00e9ptima del Presupuesto General del Estado (PGE) 2025 sobre decomisos. El sector se mantiene en emergencia y anuncia un nuevo encuentro la pr\u00f3xima semana. \u201cNo hemos quedado en nada, no se [&hellip;]<\/p>\n","protected":false},"author":1,"featured_media":586,"comment_status":"","ping_status":"open","sticky":false,"template":"","format":"standard","meta":{"pagelayer_contact_templates":[],"_pagelayer_content":"","footnotes":""},"categories":[22],"tags":[],"class_list":{"0":"post-585","1":"post","2":"type-post","3":"status-publish","4":"format-standard","5":"has-post-thumbnail","7":"category-social"},"_links":{"self":[{"href":"https:\/\/jms.com.bo\/mediamonitorbo\/wp-json\/wp\/v2\/posts\/585","targetHints":{"allow":["GET"]}}],"collection":[{"href":"https:\/\/jms.com.bo\/mediamonitorbo\/wp-json\/wp\/v2\/posts"}],"about":[{"href":"https:\/\/jms.com.bo\/mediamonitorbo\/wp-json\/wp\/v2\/types\/post"}],"author":[{"embeddable":true,"href":"https:\/\/jms.com.bo\/mediamonitorbo\/wp-json\/wp\/v2\/users\/1"}],"replies":[{"embeddable":true,"href":"https:\/\/jms.com.bo\/mediamonitorbo\/wp-json\/wp\/v2\/comments?post=585"}],"version-history":[{"count":0,"href":"https:\/\/jms.com.bo\/mediamonitorbo\/wp-json\/wp\/v2\/posts\/585\/revisions"}],"wp:featuredmedia":[{"embeddable":true,"href":"https:\/\/jms.com.bo\/mediamonitorbo\/wp-json\/wp\/v2\/media\/586"}],"wp:attachment":[{"href":"https:\/\/jms.com.bo\/mediamonitorbo\/wp-json\/wp\/v2\/media?parent=585"}],"wp:term":[{"taxonomy":"category","embeddable":true,"href":"https:\/\/jms.com.bo\/mediamonitorbo\/wp-json\/wp\/v2\/categories?post=585"},{"taxonomy":"post_tag","embeddable":true,"href":"https:\/\/jms.com.bo\/mediamonitorbo\/wp-json\/wp\/v2\/tags?post=585"}],"curies":[{"name":"wp","href":"https:\/\/api.w.org\/{rel}","templated":true}]}}