{"id":587,"date":"2025-01-17T04:51:35","date_gmt":"2025-01-17T08:51:35","guid":{"rendered":"https:\/\/jms.com.bo\/mediamonitorbo\/2025\/01\/17\/se-estanca-dialogo-entre-gobierno-e-industriales-por-la-disposicion-confiscatoria-del-pge-2025\/"},"modified":"2025-01-17T04:51:35","modified_gmt":"2025-01-17T08:51:35","slug":"se-estanca-dialogo-entre-gobierno-e-industriales-por-la-disposicion-confiscatoria-del-pge-2025","status":"publish","type":"post","link":"https:\/\/jms.com.bo\/mediamonitorbo\/2025\/01\/17\/se-estanca-dialogo-entre-gobierno-e-industriales-por-la-disposicion-confiscatoria-del-pge-2025\/","title":{"rendered":"Se estanca di\u00e1logo entre Gobierno e industriales por la disposici\u00f3n confiscatoria del PGE 2025"},"content":{"rendered":"<p>El presidente de la CNI, Pablo Camacho, en contacto con EL DEBER, inform\u00f3 que el sector se mantuvo firme en su posici\u00f3n, de que el Gobierno retire la pol\u00e9mica disposici\u00f3n de la Ley del PGE, mientras los representantes del Gobierno presentaron una \u201calternativa\u201d para continuar con el di\u00e1logo.<br \/>\nLa noche del mi\u00e9rcoles, el Gobierno convoc\u00f3 a los distintos sectores empresariales que piden la anulaci\u00f3n de la disposici\u00f3n adicional s\u00e9ptima de la Ley del Presupuesto General del Estado &#8211; PGE 2025 (Ley 1613), pero debido a lo ajustado de la convocatoria, la mayor\u00eda de los representantes regionales no pudo llegar a La Paz.<br \/>\nSin embargo, la ma\u00f1ana de este jueves, un grupo de representantes de la C\u00e1mara Nacional de Industrias (CNI) logr\u00f3 reunirse con el viceministro de Desarrollo Agropecuario, \u00c1lvaro Mollinedo; el viceministro de Lucha Contra el Contrabando, Luis Am\u00edlcar Vel\u00e1squez, y el ministro de Desarrollo Productivo, N\u00e9stor Huanca.<br \/>\nEl presidente de la CNI, Pablo Camacho, en contacto con EL DEBER, inform\u00f3 que el sector se mantuvo firme en su posici\u00f3n, de que el Gobierno retire la pol\u00e9mica disposici\u00f3n de la Ley del PGE, mientras los representantes del Gobierno presentaron una \u201calternativa\u201d para continuar con el di\u00e1logo.<br \/>\n\u201cLes hemos explicado que esto puede ahuyentar inversiones, disminuirlas y va a tener un efecto recesivo en la producci\u00f3n, y va a reducir el pago de impuestos, empleos, etc\u00e9tera\u201d, dijo Camacho, al mencionar que la reuni\u00f3n se extendi\u00f3 por casi dos horas y media, pero no se lleg\u00f3 a concretar un acuerdo.<br \/>\n\u201cLes hemos reafirmado nuestra posici\u00f3n de rechazo a la disposici\u00f3n, y les hemos pedido m\u00e1s bien que hablen con el presidente (Luis Arce), que den certidumbre a 11,5 millones de bolivianos, a 39.000 industrias, y a muchos otros gremios que se est\u00e1n sumando a este rechazo. Hemos quedado en que ellos van a analizar y que nos convocar\u00edan para comentarnos qu\u00e9 ha definido el Presidente\u201d, acot\u00f3 el presidente de la CNI.<br \/>\nCorre el plazo dado por los gremiales<br \/>\nEl lunes 13 de enero, los gremiales del pa\u00eds, junto al sector agropecuario, empresarios y transportistas, dieron un plazo al Gobierno de 14 d\u00edas para derogar la disposici\u00f3n s\u00e9ptima del PGE, que contempla el decomiso de productos.<br \/>\nDe acuerdo con la resoluci\u00f3n aprobada en Santa Cruz, para el pr\u00f3ximo lunes se tiene previsto un segundo ampliado en La Paz, junto a otros sectores que se sumar\u00e1n y decidir\u00e1n las medidas a asumir, a partir del 27 de enero. No se descartan movilizaciones y bloqueo de carreteras.<br \/>\nEl texto en el PGE 2025<br \/>\n\u201cCon la finalidad de garantizar la disponibilidad y abastecimiento de alimentos esenciales, se faculta a las entidades competentes, activar acciones de control, fiscalizaci\u00f3n, confiscaci\u00f3n y\/o decomiso de productos, a los actores de comercializaci\u00f3n de alimentos, que almacenen o retengan y\/o pretendan encarecer los precios de los mismos\u201d.<br \/>\nLa CNI considera que la medida podr\u00eda derivar en confiscaci\u00f3n de bienes, afectando la inversi\u00f3n y promoviendo la inseguridad jur\u00eddica.<\/p>\n","protected":false},"excerpt":{"rendered":"<p>El presidente de la CNI, Pablo Camacho, en contacto con EL DEBER, inform\u00f3 que el sector se mantuvo firme en su posici\u00f3n, de que el Gobierno retire la pol\u00e9mica disposici\u00f3n de la Ley del PGE, mientras los representantes del Gobierno presentaron una \u201calternativa\u201d para continuar con el di\u00e1logo. La noche del mi\u00e9rcoles, el Gobierno convoc\u00f3 [&hellip;]<\/p>\n","protected":false},"author":1,"featured_media":588,"comment_status":"","ping_status":"open","sticky":false,"template":"","format":"standard","meta":{"pagelayer_contact_templates":[],"_pagelayer_content":"","footnotes":""},"categories":[22],"tags":[],"class_list":{"0":"post-587","1":"post","2":"type-post","3":"status-publish","4":"format-standard","5":"has-post-thumbnail","7":"category-social"},"_links":{"self":[{"href":"https:\/\/jms.com.bo\/mediamonitorbo\/wp-json\/wp\/v2\/posts\/587","targetHints":{"allow":["GET"]}}],"collection":[{"href":"https:\/\/jms.com.bo\/mediamonitorbo\/wp-json\/wp\/v2\/posts"}],"about":[{"href":"https:\/\/jms.com.bo\/mediamonitorbo\/wp-json\/wp\/v2\/types\/post"}],"author":[{"embeddable":true,"href":"https:\/\/jms.com.bo\/mediamonitorbo\/wp-json\/wp\/v2\/users\/1"}],"replies":[{"embeddable":true,"href":"https:\/\/jms.com.bo\/mediamonitorbo\/wp-json\/wp\/v2\/comments?post=587"}],"version-history":[{"count":0,"href":"https:\/\/jms.com.bo\/mediamonitorbo\/wp-json\/wp\/v2\/posts\/587\/revisions"}],"wp:featuredmedia":[{"embeddable":true,"href":"https:\/\/jms.com.bo\/mediamonitorbo\/wp-json\/wp\/v2\/media\/588"}],"wp:attachment":[{"href":"https:\/\/jms.com.bo\/mediamonitorbo\/wp-json\/wp\/v2\/media?parent=587"}],"wp:term":[{"taxonomy":"category","embeddable":true,"href":"https:\/\/jms.com.bo\/mediamonitorbo\/wp-json\/wp\/v2\/categories?post=587"},{"taxonomy":"post_tag","embeddable":true,"href":"https:\/\/jms.com.bo\/mediamonitorbo\/wp-json\/wp\/v2\/tags?post=587"}],"curies":[{"name":"wp","href":"https:\/\/api.w.org\/{rel}","templated":true}]}}