{"id":593,"date":"2025-01-17T04:45:35","date_gmt":"2025-01-17T08:45:35","guid":{"rendered":"https:\/\/jms.com.bo\/mediamonitorbo\/2025\/01\/17\/director-del-torax-atribuye-aumento-de-casos-de-covid-19-a-brote-estacional-y-alerta-sobre-incremento-de-infecciones-respiratorias\/"},"modified":"2025-01-17T04:45:35","modified_gmt":"2025-01-17T08:45:35","slug":"director-del-torax-atribuye-aumento-de-casos-de-covid-19-a-brote-estacional-y-alerta-sobre-incremento-de-infecciones-respiratorias","status":"publish","type":"post","link":"https:\/\/jms.com.bo\/mediamonitorbo\/2025\/01\/17\/director-del-torax-atribuye-aumento-de-casos-de-covid-19-a-brote-estacional-y-alerta-sobre-incremento-de-infecciones-respiratorias\/","title":{"rendered":"Director del T\u00f3rax atribuye aumento de casos de COVID-19 a brote estacional y alerta sobre incremento de infecciones respiratorias"},"content":{"rendered":"<p>El director del Hospital del Torax Marco Garcia inform\u00f3 que el incremento de casos de Covid-19 en estas dos primeras semanas del a\u00f1o se debe a un brote estacional y advirti\u00f3 que las Infecciones Respiratorias Agudas (IRAS) incrementar\u00e1n.<br \/>\n\u201cSiempre se espera este incremento, estamos hablando de un brote estacional y con el temor de que pueda aumentar el n\u00famero de casos, pero no solamente de COVID, sino de todas las enfermedades respiratorias agudas\u201d, indic\u00f3 Garc\u00eda en entrevista con Br\u00fajula Digital.<br \/>\nIndic\u00f3 que la cantidad de brotes registrados, se debe a reuniones que se tuvo durante fin de a\u00f1o que pudo haber provocado contagios y el cambio de temperaturas que registra el pa\u00eds.<br \/>\nEn los primeros quince d\u00edas del a\u00f1o, Bolivia report\u00f3 599 casos confirmados de Covid-19 y cuatro fallecimientos asociados al virus. \u201cEs cierto, fueron registrados cuatro decesos en estas dos semanas pero por informes de la ministra (de Salud, Maria Rene\u00e9 Castro) hemos podido ver que se trata de personas de la tercera edad con factores (enfermedades de base) y eso es importante saberlo\u201d, dijo el director.<br \/>\nIndic\u00f3 que en pacientes con enfermedades de base, desde un resfr\u00edo com\u00fan, una gripe, influenza por H1N1 o Covid pueden descompensar a un paciente.<br \/>\n\u201cEntonces de hecho esas personas ya tienen un sistema inmunol\u00f3gico bajo, d\u00e9bil. Entonces un resfriado com\u00fan con mayor raz\u00f3n, un cuadro de COVID, puede ser de que estos pacientes se descompensen\u201d, inform\u00f3.<br \/>\nPor esta raz\u00f3n pidi\u00f3 a la poblaci\u00f3n en general no descuidarse con las medidas de bioseguridad como el lavado constante de manos, el uso barbijo en caso de resfr\u00edo y la inmunizaci\u00f3n. Indic\u00f3 que si bien la enfermedad puede no tornarse de gravedad en los j\u00f3venes, estos pueden transmitir el Covid a grupos de riesgo.<br \/>\n\u201cCu\u00e1l es la relaci\u00f3n de una persona que tiene factores de riesgo y una persona normal como habitualmente vemos en la calle, personas adultas, j\u00f3venes, son esas personas que te\u00f3ricamente podr\u00edan no enfermar grave, pero si van a llevar la enfermedad a la casa y con seguridad hay alguien en la casa que tiene factores de riesgo. Entonces el cuidado no solamente tiene que ser a esas personas de altos riesgos, sino tambi\u00e9n la poblaci\u00f3n en general\u201d, indic\u00f3.<br \/>\nInst\u00f3 a la poblaci\u00f3n a acudir a los centros de salud para hacerse vacunar contra esta enfermedad.<\/p>\n","protected":false},"excerpt":{"rendered":"<p>El director del Hospital del Torax Marco Garcia inform\u00f3 que el incremento de casos de Covid-19 en estas dos primeras semanas del a\u00f1o se debe a un brote estacional y advirti\u00f3 que las Infecciones Respiratorias Agudas (IRAS) incrementar\u00e1n. \u201cSiempre se espera este incremento, estamos hablando de un brote estacional y con el temor de que [&hellip;]<\/p>\n","protected":false},"author":1,"featured_media":594,"comment_status":"","ping_status":"open","sticky":false,"template":"","format":"standard","meta":{"pagelayer_contact_templates":[],"_pagelayer_content":"","footnotes":""},"categories":[32],"tags":[],"class_list":{"0":"post-593","1":"post","2":"type-post","3":"status-publish","4":"format-standard","5":"has-post-thumbnail","7":"category-salud"},"_links":{"self":[{"href":"https:\/\/jms.com.bo\/mediamonitorbo\/wp-json\/wp\/v2\/posts\/593","targetHints":{"allow":["GET"]}}],"collection":[{"href":"https:\/\/jms.com.bo\/mediamonitorbo\/wp-json\/wp\/v2\/posts"}],"about":[{"href":"https:\/\/jms.com.bo\/mediamonitorbo\/wp-json\/wp\/v2\/types\/post"}],"author":[{"embeddable":true,"href":"https:\/\/jms.com.bo\/mediamonitorbo\/wp-json\/wp\/v2\/users\/1"}],"replies":[{"embeddable":true,"href":"https:\/\/jms.com.bo\/mediamonitorbo\/wp-json\/wp\/v2\/comments?post=593"}],"version-history":[{"count":0,"href":"https:\/\/jms.com.bo\/mediamonitorbo\/wp-json\/wp\/v2\/posts\/593\/revisions"}],"wp:featuredmedia":[{"embeddable":true,"href":"https:\/\/jms.com.bo\/mediamonitorbo\/wp-json\/wp\/v2\/media\/594"}],"wp:attachment":[{"href":"https:\/\/jms.com.bo\/mediamonitorbo\/wp-json\/wp\/v2\/media?parent=593"}],"wp:term":[{"taxonomy":"category","embeddable":true,"href":"https:\/\/jms.com.bo\/mediamonitorbo\/wp-json\/wp\/v2\/categories?post=593"},{"taxonomy":"post_tag","embeddable":true,"href":"https:\/\/jms.com.bo\/mediamonitorbo\/wp-json\/wp\/v2\/tags?post=593"}],"curies":[{"name":"wp","href":"https:\/\/api.w.org\/{rel}","templated":true}]}}