{"id":601,"date":"2025-01-16T07:00:37","date_gmt":"2025-01-16T11:00:37","guid":{"rendered":"https:\/\/jms.com.bo\/mediamonitorbo\/2025\/01\/16\/gobierno-flexibiliza-los-tramites-para-la-importacion-privada-de-combustibles\/"},"modified":"2025-01-16T07:00:37","modified_gmt":"2025-01-16T11:00:37","slug":"gobierno-flexibiliza-los-tramites-para-la-importacion-privada-de-combustibles","status":"publish","type":"post","link":"https:\/\/jms.com.bo\/mediamonitorbo\/2025\/01\/16\/gobierno-flexibiliza-los-tramites-para-la-importacion-privada-de-combustibles\/","title":{"rendered":"Gobierno flexibiliza los tr\u00e1mites para la importaci\u00f3n privada de combustibles"},"content":{"rendered":"<p>El Gobierno emiti\u00f3 un decreto supremo con el objetivo de facilitar el tr\u00e1mite de importaci\u00f3n de combustibles para el sector privado, con fines tanto de consumo propio como de comercializaci\u00f3n.<br \/>\nEl ministro de Hidrocarburos, Alejandro Gallardo, indic\u00f3 que se toma esta medida luego de la coordinaci\u00f3n con los diferentes sectores agropecuarios, mineros, industriales, construcci\u00f3n y otros.<br \/>\nSe\u00f1al\u00f3 que se est\u00e1n reduciendo requisitos, los procedimientos y los plazos con el fin de que se pueda hacer m\u00e1s \u00f3ptima esta actividad de importaci\u00f3n.<br \/>\nPor ejemplo, mencion\u00f3 mayores facilidades en el tr\u00e1mite de certificados, autorizaciones, registro de sustancias controladas, entre otros aspectos.<br \/>\nEl Ministro resalt\u00f3 que tambi\u00e9n se ha ampliado la vigencia de la medida para la importaci\u00f3n de uno a tres a\u00f1os, para que los empresarios puedan realizar las operaciones financieras destinadas a la comercializaci\u00f3n de combustible importado.<br \/>\nRevel\u00f3 que ya se tiene 36 empresas autorizadas para la importaci\u00f3n con fines de consumo propio y una para la comercializaci\u00f3n.<br \/>\nConsultado sobre si existen d\u00f3lares para esta importaci\u00f3n, Gallardo explic\u00f3 que sectores como el agr\u00edcola y minero cuentan con divisas al ser exportadores, por lo cual optar\u00edan pon ingresar al negocio de la importaci\u00f3n y comercializaci\u00f3n de combustibles l\u00edquidos.<\/p>\n","protected":false},"excerpt":{"rendered":"<p>El Gobierno emiti\u00f3 un decreto supremo con el objetivo de facilitar el tr\u00e1mite de importaci\u00f3n de combustibles para el sector privado, con fines tanto de consumo propio como de comercializaci\u00f3n. El ministro de Hidrocarburos, Alejandro Gallardo, indic\u00f3 que se toma esta medida luego de la coordinaci\u00f3n con los diferentes sectores agropecuarios, mineros, industriales, construcci\u00f3n y [&hellip;]<\/p>\n","protected":false},"author":1,"featured_media":602,"comment_status":"","ping_status":"open","sticky":false,"template":"","format":"standard","meta":{"pagelayer_contact_templates":[],"_pagelayer_content":"","footnotes":""},"categories":[23,17],"tags":[],"class_list":{"0":"post-601","1":"post","2":"type-post","3":"status-publish","4":"format-standard","5":"has-post-thumbnail","7":"category-bolivia","8":"category-oil-gas"},"_links":{"self":[{"href":"https:\/\/jms.com.bo\/mediamonitorbo\/wp-json\/wp\/v2\/posts\/601","targetHints":{"allow":["GET"]}}],"collection":[{"href":"https:\/\/jms.com.bo\/mediamonitorbo\/wp-json\/wp\/v2\/posts"}],"about":[{"href":"https:\/\/jms.com.bo\/mediamonitorbo\/wp-json\/wp\/v2\/types\/post"}],"author":[{"embeddable":true,"href":"https:\/\/jms.com.bo\/mediamonitorbo\/wp-json\/wp\/v2\/users\/1"}],"replies":[{"embeddable":true,"href":"https:\/\/jms.com.bo\/mediamonitorbo\/wp-json\/wp\/v2\/comments?post=601"}],"version-history":[{"count":0,"href":"https:\/\/jms.com.bo\/mediamonitorbo\/wp-json\/wp\/v2\/posts\/601\/revisions"}],"wp:featuredmedia":[{"embeddable":true,"href":"https:\/\/jms.com.bo\/mediamonitorbo\/wp-json\/wp\/v2\/media\/602"}],"wp:attachment":[{"href":"https:\/\/jms.com.bo\/mediamonitorbo\/wp-json\/wp\/v2\/media?parent=601"}],"wp:term":[{"taxonomy":"category","embeddable":true,"href":"https:\/\/jms.com.bo\/mediamonitorbo\/wp-json\/wp\/v2\/categories?post=601"},{"taxonomy":"post_tag","embeddable":true,"href":"https:\/\/jms.com.bo\/mediamonitorbo\/wp-json\/wp\/v2\/tags?post=601"}],"curies":[{"name":"wp","href":"https:\/\/api.w.org\/{rel}","templated":true}]}}