{"id":605,"date":"2025-01-16T06:55:11","date_gmt":"2025-01-16T10:55:11","guid":{"rendered":"https:\/\/jms.com.bo\/mediamonitorbo\/2025\/01\/16\/atribuyen-a-fallas-administrativas-la-falta-de-energia-en-unidades-educativas-de-la-capital-crucena\/"},"modified":"2025-01-16T06:55:11","modified_gmt":"2025-01-16T10:55:11","slug":"atribuyen-a-fallas-administrativas-la-falta-de-energia-en-unidades-educativas-de-la-capital-crucena","status":"publish","type":"post","link":"https:\/\/jms.com.bo\/mediamonitorbo\/2025\/01\/16\/atribuyen-a-fallas-administrativas-la-falta-de-energia-en-unidades-educativas-de-la-capital-crucena\/","title":{"rendered":"Atribuyen a fallas administrativas la falta de energ\u00eda en unidades educativas de la capital cruce\u00f1a"},"content":{"rendered":"<p>Ra\u00fal Ascarrunz, director municipal de Educaci\u00f3n, asegur\u00f3 que hasta el viernes todas las unidades educativas de la urbe cruce\u00f1a tendr\u00e1n energ\u00eda el\u00e9ctrica. Esto despu\u00e9s de conocerse que varios establecimientos, principalmente del centro, no ten\u00edan luz.<br \/>\nSe trat\u00f3 de una \u00abfalla administrativa, por el tema de los c\u00f3digos, pero este mi\u00e9rcoles se est\u00e1 reponiendo la energ\u00eda el\u00e9ctrica en cada una de las unidades educativas. No fue por falta de pago, si fuera as\u00ed, todas las unidades estar\u00edan sin luz\u00bb, explic\u00f3 Ascarrunz ante los medios, la tarde de este mi\u00e9rcoles.<br \/>\nEl funcionario asegur\u00f3 que ya se est\u00e1 regularizando la situaci\u00f3n en estos centros y \u00abesperamos que hasta el viernes est\u00e9 todo subsanado, porque eso tambi\u00e9n nos perjudica en el trabajo de refacci\u00f3n y limpieza de los establecimientos educativos\u00bb, agreg\u00f3.<br \/>\nAscarrunz aclar\u00f3 que la informaci\u00f3n que maneja -desde la Secretar\u00eda de Finanzas- es que se trata de una falla administrativa por los c\u00f3digos. \u00abSi el vocero (municipal, Bernardo Montenegro) dijo otra cosa, desconozco. Ahora, lo importante es que se est\u00e1 dando soluci\u00f3n a las unidades afectadas\u00bb.<br \/>\nLa denuncia<br \/>\nDe acuerdo con la denuncia del concejal Jos\u00e9 Alberti son m\u00e1s de 20 unidades educativas las que se encuentran sin luz el\u00e9ctrica. \u00abEl alcalde Jhonny Fern\u00e1ndez Saucedo debe cinco facturas\u00bb, asever\u00f3 el legislador en redes sociales.<br \/>\nAsimismo, aclar\u00f3 que ha sido \u00abgracias a los padres de familia y las juntas por denunciar (que se conoce esta situaci\u00f3n). Estamos fiscalizando para que hagan la reconexi\u00f3n\u00bb.<\/p>\n","protected":false},"excerpt":{"rendered":"<p>Ra\u00fal Ascarrunz, director municipal de Educaci\u00f3n, asegur\u00f3 que hasta el viernes todas las unidades educativas de la urbe cruce\u00f1a tendr\u00e1n energ\u00eda el\u00e9ctrica. Esto despu\u00e9s de conocerse que varios establecimientos, principalmente del centro, no ten\u00edan luz. Se trat\u00f3 de una \u00abfalla administrativa, por el tema de los c\u00f3digos, pero este mi\u00e9rcoles se est\u00e1 reponiendo la energ\u00eda [&hellip;]<\/p>\n","protected":false},"author":1,"featured_media":606,"comment_status":"","ping_status":"open","sticky":false,"template":"","format":"standard","meta":{"pagelayer_contact_templates":[],"_pagelayer_content":"","footnotes":""},"categories":[18],"tags":[],"class_list":{"0":"post-605","1":"post","2":"type-post","3":"status-publish","4":"format-standard","5":"has-post-thumbnail","7":"category-energia"},"_links":{"self":[{"href":"https:\/\/jms.com.bo\/mediamonitorbo\/wp-json\/wp\/v2\/posts\/605","targetHints":{"allow":["GET"]}}],"collection":[{"href":"https:\/\/jms.com.bo\/mediamonitorbo\/wp-json\/wp\/v2\/posts"}],"about":[{"href":"https:\/\/jms.com.bo\/mediamonitorbo\/wp-json\/wp\/v2\/types\/post"}],"author":[{"embeddable":true,"href":"https:\/\/jms.com.bo\/mediamonitorbo\/wp-json\/wp\/v2\/users\/1"}],"replies":[{"embeddable":true,"href":"https:\/\/jms.com.bo\/mediamonitorbo\/wp-json\/wp\/v2\/comments?post=605"}],"version-history":[{"count":0,"href":"https:\/\/jms.com.bo\/mediamonitorbo\/wp-json\/wp\/v2\/posts\/605\/revisions"}],"wp:featuredmedia":[{"embeddable":true,"href":"https:\/\/jms.com.bo\/mediamonitorbo\/wp-json\/wp\/v2\/media\/606"}],"wp:attachment":[{"href":"https:\/\/jms.com.bo\/mediamonitorbo\/wp-json\/wp\/v2\/media?parent=605"}],"wp:term":[{"taxonomy":"category","embeddable":true,"href":"https:\/\/jms.com.bo\/mediamonitorbo\/wp-json\/wp\/v2\/categories?post=605"},{"taxonomy":"post_tag","embeddable":true,"href":"https:\/\/jms.com.bo\/mediamonitorbo\/wp-json\/wp\/v2\/tags?post=605"}],"curies":[{"name":"wp","href":"https:\/\/api.w.org\/{rel}","templated":true}]}}