{"id":621,"date":"2025-01-16T06:40:58","date_gmt":"2025-01-16T10:40:58","guid":{"rendered":"https:\/\/jms.com.bo\/mediamonitorbo\/2025\/01\/16\/el-senado-aprueba-la-ley-de-escanos-santa-cruz-sube-un-curul-en-diputados\/"},"modified":"2025-01-16T06:40:58","modified_gmt":"2025-01-16T10:40:58","slug":"el-senado-aprueba-la-ley-de-escanos-santa-cruz-sube-un-curul-en-diputados","status":"publish","type":"post","link":"https:\/\/jms.com.bo\/mediamonitorbo\/2025\/01\/16\/el-senado-aprueba-la-ley-de-escanos-santa-cruz-sube-un-curul-en-diputados\/","title":{"rendered":"El Senado aprueba la ley de esca\u00f1os: Santa Cruz sube un curul en Diputados"},"content":{"rendered":"<p>Tal como se hab\u00eda anticipado en la v\u00edspera, el Senado aprob\u00f3 este mi\u00e9rcoles, por m\u00e1s de dos tercios, la ley de redistribuci\u00f3n de esca\u00f1os por la v\u00eda r\u00e1pida, en el filo del plazo que hab\u00eda dado el Tribunal Supremo Electoral (TSE) para ajustar las circunscripciones para las pr\u00f3ximas elecciones generales.<br \/>\nAhora la norma solo queda pendiente de ser promulgada por el presidente Luis Arce. De esta manera se confirma que Santa Cruz aumentar\u00e1 de 28 a 29 diputados y quedar\u00e1 empatado con La Paz como las regiones con m\u00e1s representaci\u00f3n. A su vez Chuquisaca disminuir\u00e1 de 10 a 9 legisladores en la C\u00e1mara Baja. El ajuste se hizo en base a los resultados del Censo de Poblaci\u00f3n y Vivienda, realizado el 23 de marzo de 2024. El resto de las regiones conserva su actual representaci\u00f3n: Cochabamba, 19; Potos\u00ed, 13; Oruro, 9; Tarija, 9; Beni 8 y Pando, 5.<br \/>\nEn la C\u00e1mara Alta se vot\u00f3 por la dispensaci\u00f3n para el tratamiento de la ley, con 20 votos a favor de los 31 presentes. Este mecanismo permite tratar un proyecto directamente en el pleno, sin ser derivado a comisi\u00f3n, lo que hubiera dilatado la norma.<br \/>\n\u201cHabi\u00e9ndose aprobada la ley en sus dos estaciones y siendo la C\u00e1mara de Senadores la c\u00e1mara revisora, queda sancionada la presente ley y se remite al \u00d3rgano Ejecutivo para fines constitucionales de promulgaci\u00f3n\u201d, se\u00f1al\u00f3 el presidente del Senado, Andr\u00f3nico Rodr\u00edguez al sancionar la norma.<br \/>\nLos senadores de Chuquisaca expresaron su desacuerdo con el proyecto de ley y pidieron que acudan representantes del TSE para explicar el alcance de la misma, pero finalmente sus propuestas no fueron consideradas.<br \/>\nEl TSE hab\u00eda dado plazo inicialmente hasta fines de diciembre de 2024 para la aprobaci\u00f3n de la norma, luego extendi\u00f3 el tiempo hasta este mi\u00e9rcoles, ya que necesita tres meses para redise\u00f1ar las circunscripciones para las elecciones, previstas para el 10 de agosto de 2025.<br \/>\nAdem\u00e1s advirti\u00f3 que sin la ley de esca\u00f1os dichos comicios corr\u00edan riesgo, ya que quedaban expuestos a amparos en tribunales, tal como ocurri\u00f3 con la pasada elecci\u00f3n judicial.<br \/>\nCreemos y Comunidad Ciudadana (CC) ratificaron su rechazo a los resultados del Censo, pero consideraron necesaria la aprobaci\u00f3n de la ley de esca\u00f1os, para evitar darle pretexto al gobierno de Luis Arce para poner trabas a las elecciones generales.<\/p>\n","protected":false},"excerpt":{"rendered":"<p>Tal como se hab\u00eda anticipado en la v\u00edspera, el Senado aprob\u00f3 este mi\u00e9rcoles, por m\u00e1s de dos tercios, la ley de redistribuci\u00f3n de esca\u00f1os por la v\u00eda r\u00e1pida, en el filo del plazo que hab\u00eda dado el Tribunal Supremo Electoral (TSE) para ajustar las circunscripciones para las pr\u00f3ximas elecciones generales. Ahora la norma solo queda [&hellip;]<\/p>\n","protected":false},"author":1,"featured_media":622,"comment_status":"","ping_status":"open","sticky":false,"template":"","format":"standard","meta":{"pagelayer_contact_templates":[],"_pagelayer_content":"","footnotes":""},"categories":[20],"tags":[],"class_list":{"0":"post-621","1":"post","2":"type-post","3":"status-publish","4":"format-standard","5":"has-post-thumbnail","7":"category-politica"},"_links":{"self":[{"href":"https:\/\/jms.com.bo\/mediamonitorbo\/wp-json\/wp\/v2\/posts\/621","targetHints":{"allow":["GET"]}}],"collection":[{"href":"https:\/\/jms.com.bo\/mediamonitorbo\/wp-json\/wp\/v2\/posts"}],"about":[{"href":"https:\/\/jms.com.bo\/mediamonitorbo\/wp-json\/wp\/v2\/types\/post"}],"author":[{"embeddable":true,"href":"https:\/\/jms.com.bo\/mediamonitorbo\/wp-json\/wp\/v2\/users\/1"}],"replies":[{"embeddable":true,"href":"https:\/\/jms.com.bo\/mediamonitorbo\/wp-json\/wp\/v2\/comments?post=621"}],"version-history":[{"count":0,"href":"https:\/\/jms.com.bo\/mediamonitorbo\/wp-json\/wp\/v2\/posts\/621\/revisions"}],"wp:featuredmedia":[{"embeddable":true,"href":"https:\/\/jms.com.bo\/mediamonitorbo\/wp-json\/wp\/v2\/media\/622"}],"wp:attachment":[{"href":"https:\/\/jms.com.bo\/mediamonitorbo\/wp-json\/wp\/v2\/media?parent=621"}],"wp:term":[{"taxonomy":"category","embeddable":true,"href":"https:\/\/jms.com.bo\/mediamonitorbo\/wp-json\/wp\/v2\/categories?post=621"},{"taxonomy":"post_tag","embeddable":true,"href":"https:\/\/jms.com.bo\/mediamonitorbo\/wp-json\/wp\/v2\/tags?post=621"}],"curies":[{"name":"wp","href":"https:\/\/api.w.org\/{rel}","templated":true}]}}