{"id":713,"date":"2025-01-14T06:54:39","date_gmt":"2025-01-14T10:54:39","guid":{"rendered":"https:\/\/jms.com.bo\/mediamonitorbo\/2025\/01\/14\/panificadores-van-a-paro-de-72-horas-y-advierten-con-nuevo-precio-del-pan-a-bs-1\/"},"modified":"2025-01-14T06:54:39","modified_gmt":"2025-01-14T10:54:39","slug":"panificadores-van-a-paro-de-72-horas-y-advierten-con-nuevo-precio-del-pan-a-bs-1","status":"publish","type":"post","link":"https:\/\/jms.com.bo\/mediamonitorbo\/2025\/01\/14\/panificadores-van-a-paro-de-72-horas-y-advierten-con-nuevo-precio-del-pan-a-bs-1\/","title":{"rendered":"Panificadores van a paro de 72 horas y advierten con nuevo precio del pan a Bs 1"},"content":{"rendered":"<p>Los panificadores del pa\u00eds rechazaron este lunes la propuesta del Gobierno de un \u201ccombo\u201d de harina, az\u00facar, manteca y levadura subvencionada para mantener el precio del pan de batalla en 0,50 centavos, y anunciaron un paro nacional de 72 a partir de este martes.<br \/>\nSi en ese lapso, las autoridades gubernamentales no aceptan el incremento del pan a 0,70 centavos, con harina subvencionada, incrementar\u00e1n el precio directamente a Bs 1, sin subvenci\u00f3n.<br \/>\nRub\u00e9n R\u00edos, secretario general de los Panificadores, explic\u00f3 que un ampliado nacional asumi\u00f3 la decisi\u00f3n de rechazar la oferta del Gobierno, pues el pedido del sector es \u00fanicamente el incremento del pan de batalla a 0,70 centavos con harina subvencionada.<br \/>\n\u201cNos reunimos de esta ma\u00f1ana, nos ofertaron un combo que ser\u00eda la harina subvencionada, adem\u00e1s de az\u00facar, manteca y levadura y no es nuestra expectativa. Nuestra resoluci\u00f3n es bien clara, dice 0,70 centavos con subvenci\u00f3n. Esperamos que el Gobierno, nuestro presidente lo analice, m\u00e1s de 10 a\u00f1os hemos apoyado con 0,50 centavos\u201d, dijo el dirigente.<br \/>\nPan<br \/>\nAsimismo, revel\u00f3 que el estudio de costos sali\u00f3 con \u00abn\u00fameros negros\u00bb para el sector, por lo que pide \u201cuna reposici\u00f3n\u201d del precio.<br \/>\n\u201cYa no se puede sostener el precio de 0, 50 centavos. Se ha determinado un paro de 72 horas y si no nos dan esa petici\u00f3n (pan a 0,70 centavos) saldremos a vender nuestro producto a Bs 1 sin subvenci\u00f3n. Estamos prestos a escucharlos, queremos una mejor oferta\u201d, complement\u00f3.<br \/>\nR\u00edos dijo que el sector fue paciente, desde el 1 de enero el pan de batalla deber\u00eda tener otro costo; sin embargo, no hay una respuesta positiva. Exhort\u00f3 al presidente Luis Arce a que analice la hoja de costos y le record\u00f3 que el sector \u201clo ha ayudado bastante tiempo, hemos comprendido el desfase que ten\u00eda la econom\u00eda del pa\u00eds\u201d.<br \/>\nLos panificadores y el Gobierno se reunieron la ma\u00f1ana de este lunes. Autoridades proponen mantener el precio del pan en 0,50 centavos abasteciendo al sector con harina, az\u00facar, manteca y levadura subvencionadas hasta en un 90% de su costo.<br \/>\nLa Empresa de Apoyo a la Producci\u00f3n de Alimentos (Emapa) entrega a los panificadores el quintal de harina a Bs 130, en el mercado el precio est\u00e1 hasta Bs 250; sin embargo, el sector asegura que ese producto no llega a todos.<\/p>\n","protected":false},"excerpt":{"rendered":"<p>Los panificadores del pa\u00eds rechazaron este lunes la propuesta del Gobierno de un \u201ccombo\u201d de harina, az\u00facar, manteca y levadura subvencionada para mantener el precio del pan de batalla en 0,50 centavos, y anunciaron un paro nacional de 72 a partir de este martes. Si en ese lapso, las autoridades gubernamentales no aceptan el incremento [&hellip;]<\/p>\n","protected":false},"author":1,"featured_media":714,"comment_status":"","ping_status":"open","sticky":false,"template":"","format":"standard","meta":{"pagelayer_contact_templates":[],"_pagelayer_content":"","footnotes":""},"categories":[22],"tags":[],"class_list":{"0":"post-713","1":"post","2":"type-post","3":"status-publish","4":"format-standard","5":"has-post-thumbnail","7":"category-social"},"_links":{"self":[{"href":"https:\/\/jms.com.bo\/mediamonitorbo\/wp-json\/wp\/v2\/posts\/713","targetHints":{"allow":["GET"]}}],"collection":[{"href":"https:\/\/jms.com.bo\/mediamonitorbo\/wp-json\/wp\/v2\/posts"}],"about":[{"href":"https:\/\/jms.com.bo\/mediamonitorbo\/wp-json\/wp\/v2\/types\/post"}],"author":[{"embeddable":true,"href":"https:\/\/jms.com.bo\/mediamonitorbo\/wp-json\/wp\/v2\/users\/1"}],"replies":[{"embeddable":true,"href":"https:\/\/jms.com.bo\/mediamonitorbo\/wp-json\/wp\/v2\/comments?post=713"}],"version-history":[{"count":0,"href":"https:\/\/jms.com.bo\/mediamonitorbo\/wp-json\/wp\/v2\/posts\/713\/revisions"}],"wp:featuredmedia":[{"embeddable":true,"href":"https:\/\/jms.com.bo\/mediamonitorbo\/wp-json\/wp\/v2\/media\/714"}],"wp:attachment":[{"href":"https:\/\/jms.com.bo\/mediamonitorbo\/wp-json\/wp\/v2\/media?parent=713"}],"wp:term":[{"taxonomy":"category","embeddable":true,"href":"https:\/\/jms.com.bo\/mediamonitorbo\/wp-json\/wp\/v2\/categories?post=713"},{"taxonomy":"post_tag","embeddable":true,"href":"https:\/\/jms.com.bo\/mediamonitorbo\/wp-json\/wp\/v2\/tags?post=713"}],"curies":[{"name":"wp","href":"https:\/\/api.w.org\/{rel}","templated":true}]}}