{"id":717,"date":"2025-01-14T06:51:48","date_gmt":"2025-01-14T10:51:48","guid":{"rendered":"https:\/\/jms.com.bo\/mediamonitorbo\/2025\/01\/14\/sectores-dan-14-dias-de-plazo-al-gobierno-para-derogar-la-medida-del-pge-sobre-decomisos\/"},"modified":"2025-01-14T06:51:48","modified_gmt":"2025-01-14T10:51:48","slug":"sectores-dan-14-dias-de-plazo-al-gobierno-para-derogar-la-medida-del-pge-sobre-decomisos","status":"publish","type":"post","link":"https:\/\/jms.com.bo\/mediamonitorbo\/2025\/01\/14\/sectores-dan-14-dias-de-plazo-al-gobierno-para-derogar-la-medida-del-pge-sobre-decomisos\/","title":{"rendered":"Sectores dan 14 d\u00edas de plazo al gobierno para derogar la medida del PGE sobre decomisos"},"content":{"rendered":"<p>Diferentes confederaciones de gremiales iniciaron sus movilizaciones y medidas en rechazo a la disposici\u00f3n adicional s\u00e9ptima de la ley del Presupuesto General del Estado (PGE), que autoriza los decomisos.<br \/>\nUn grupo, encabezado por C\u00e9sar Gonz\u00e1lez a nivel nacional y \u00c9dgar \u00c1lvarez en Santa Cruz, realiz\u00f3 un ampliado donde analizaban medidas a tomar con este mismo fin, adem\u00e1s de exigir soluciones definitivas a la falta de d\u00f3lares y combustibles.<br \/>\nDespu\u00e9s participaron de un ampliado con representantes de otros sectores como el transporte y agropecuarios donde determinaron dar 14 d\u00edas de plazo al gobierno para abrogar la medida de los decomisos de la ley 1613.<br \/>\n\u201cAntes de llegar a la movilizaci\u00f3n tenemos 14 d\u00edas. El Gobierno nacional tiene como plazo prudente todo este tiempo para escuchar las demandas de los sectores\u201d, remarc\u00f3 Gonz\u00e1lez en conferencia de prensa. \u201cVan a poder ingresar a los almacenes de los productores a decomisar, a robar legalmente, porque eso es el decomiso, es un robo legalizado\u201d, fustig\u00f3 al explicar las razones para el rechazo a la disposici\u00f3n adicional s\u00e9ptima.<br \/>\nOtro sector gremial liderado por Jes\u00fas Cahuana protagoniz\u00f3 una marcha en c\u00e9ntricas calles de Santa Cruz exigiendo al gobierno nacional que se anule la medida.<br \/>\n\u00abEn sus manos est\u00e1 del gobierno para dar una soluci\u00f3n\u00bb, remarc\u00f3 Cahuana, durante la marcha que antecedi\u00f3 al ampliado de su federaci\u00f3n. Enfatiz\u00f3 que el gobierno incurr\u00eda en una medida arbitraria si realiza decomisos a sus afiliados.<br \/>\nEn La Paz tambi\u00e9n hubo marcha y reuni\u00f3n de los comerciantes de El Alto, liderados por To\u00f1o Si\u00f1ani, donde coincidieron en dar plazo al gobierno hasta fin de mes para revertir la norma confiscatoria.<br \/>\nEl fin de semana, en el af\u00e1n de calmar los \u00e1nimos, el viceministro Jorge Silva, inform\u00f3 que la disposici\u00f3n adicional s\u00e9ptima est\u00e1 en pausa hasta que se apruebe el reglamento, que definir\u00e1 su alcance y a quienes aplicar\u00e1.<\/p>\n","protected":false},"excerpt":{"rendered":"<p>Diferentes confederaciones de gremiales iniciaron sus movilizaciones y medidas en rechazo a la disposici\u00f3n adicional s\u00e9ptima de la ley del Presupuesto General del Estado (PGE), que autoriza los decomisos. Un grupo, encabezado por C\u00e9sar Gonz\u00e1lez a nivel nacional y \u00c9dgar \u00c1lvarez en Santa Cruz, realiz\u00f3 un ampliado donde analizaban medidas a tomar con este mismo [&hellip;]<\/p>\n","protected":false},"author":1,"featured_media":718,"comment_status":"","ping_status":"open","sticky":false,"template":"","format":"standard","meta":{"pagelayer_contact_templates":[],"_pagelayer_content":"","footnotes":""},"categories":[22],"tags":[],"class_list":{"0":"post-717","1":"post","2":"type-post","3":"status-publish","4":"format-standard","5":"has-post-thumbnail","7":"category-social"},"_links":{"self":[{"href":"https:\/\/jms.com.bo\/mediamonitorbo\/wp-json\/wp\/v2\/posts\/717","targetHints":{"allow":["GET"]}}],"collection":[{"href":"https:\/\/jms.com.bo\/mediamonitorbo\/wp-json\/wp\/v2\/posts"}],"about":[{"href":"https:\/\/jms.com.bo\/mediamonitorbo\/wp-json\/wp\/v2\/types\/post"}],"author":[{"embeddable":true,"href":"https:\/\/jms.com.bo\/mediamonitorbo\/wp-json\/wp\/v2\/users\/1"}],"replies":[{"embeddable":true,"href":"https:\/\/jms.com.bo\/mediamonitorbo\/wp-json\/wp\/v2\/comments?post=717"}],"version-history":[{"count":0,"href":"https:\/\/jms.com.bo\/mediamonitorbo\/wp-json\/wp\/v2\/posts\/717\/revisions"}],"wp:featuredmedia":[{"embeddable":true,"href":"https:\/\/jms.com.bo\/mediamonitorbo\/wp-json\/wp\/v2\/media\/718"}],"wp:attachment":[{"href":"https:\/\/jms.com.bo\/mediamonitorbo\/wp-json\/wp\/v2\/media?parent=717"}],"wp:term":[{"taxonomy":"category","embeddable":true,"href":"https:\/\/jms.com.bo\/mediamonitorbo\/wp-json\/wp\/v2\/categories?post=717"},{"taxonomy":"post_tag","embeddable":true,"href":"https:\/\/jms.com.bo\/mediamonitorbo\/wp-json\/wp\/v2\/tags?post=717"}],"curies":[{"name":"wp","href":"https:\/\/api.w.org\/{rel}","templated":true}]}}