{"id":721,"date":"2025-01-14T06:49:16","date_gmt":"2025-01-14T10:49:16","guid":{"rendered":"https:\/\/jms.com.bo\/mediamonitorbo\/2025\/01\/14\/califican-como-contundente-el-paro-de-salud-y-advierten-con-radicalizar-las-medidas-de-presion\/"},"modified":"2025-01-14T06:49:16","modified_gmt":"2025-01-14T10:49:16","slug":"califican-como-contundente-el-paro-de-salud-y-advierten-con-radicalizar-las-medidas-de-presion","status":"publish","type":"post","link":"https:\/\/jms.com.bo\/mediamonitorbo\/2025\/01\/14\/califican-como-contundente-el-paro-de-salud-y-advierten-con-radicalizar-las-medidas-de-presion\/","title":{"rendered":"Califican como contundente el paro de salud y advierten con radicalizar las medidas de presi\u00f3n"},"content":{"rendered":"<p>Roc\u00edo Rivero, representante de la Federaci\u00f3n de Sindicatos de Ramas M\u00e9dicas de Salud P\u00fablica (Fesirmes), calific\u00f3 como contundente el paro del sistema de salud de este lunes. La medida de presi\u00f3n reclama a las autoridades la contrataci\u00f3n de personal para los diferentes niveles.<br \/>\n\u00abLa medida fue acatada por los tres niveles del sistema de salud p\u00fablica, tanto en la ciudad como en las provincias, porque no es posible que se est\u00e9n cerrando los servicios ante la falta de personal\u00bb, se\u00f1al\u00f3 la m\u00e9dica.<br \/>\nLa vocera adelant\u00f3 que este martes buscar\u00e1n reunirse con el alcalde, Jhonny Fern\u00e1ndez, y el gobernador, Mario Aguilera, con el objetivo de buscar una soluci\u00f3n a la situaci\u00f3n por la que atraviesan.<br \/>\n\u00abAhora bien, en caso de no escuchar nuestras demandas, vamos a reunirnos el d\u00eda jueves y no se descarta radicalizar nuestras maifestaciones\u00bb, adelant\u00f3.<br \/>\nColegio M\u00e9dico<br \/>\nPor su parte, Wilfredo Anzo\u00e1tegui, presidente del Colegio M\u00e9dico en Santa Cruz, consider\u00f3 que las decisiones que asumieron como sector son las que se deb\u00edan hacer para seguir adelante.<br \/>\n\u00abColegas continuemos en nuestra lucha, no desmayemos, porque de aqu\u00ed en adelante las cosas vienen m\u00e1s fuertes todav\u00eda\u00bb, advirti\u00f3 Anzo\u00e1tegui.<\/p>\n","protected":false},"excerpt":{"rendered":"<p>Roc\u00edo Rivero, representante de la Federaci\u00f3n de Sindicatos de Ramas M\u00e9dicas de Salud P\u00fablica (Fesirmes), calific\u00f3 como contundente el paro del sistema de salud de este lunes. La medida de presi\u00f3n reclama a las autoridades la contrataci\u00f3n de personal para los diferentes niveles. \u00abLa medida fue acatada por los tres niveles del sistema de salud [&hellip;]<\/p>\n","protected":false},"author":1,"featured_media":722,"comment_status":"","ping_status":"open","sticky":false,"template":"","format":"standard","meta":{"pagelayer_contact_templates":[],"_pagelayer_content":"","footnotes":""},"categories":[32],"tags":[],"class_list":{"0":"post-721","1":"post","2":"type-post","3":"status-publish","4":"format-standard","5":"has-post-thumbnail","7":"category-salud"},"_links":{"self":[{"href":"https:\/\/jms.com.bo\/mediamonitorbo\/wp-json\/wp\/v2\/posts\/721","targetHints":{"allow":["GET"]}}],"collection":[{"href":"https:\/\/jms.com.bo\/mediamonitorbo\/wp-json\/wp\/v2\/posts"}],"about":[{"href":"https:\/\/jms.com.bo\/mediamonitorbo\/wp-json\/wp\/v2\/types\/post"}],"author":[{"embeddable":true,"href":"https:\/\/jms.com.bo\/mediamonitorbo\/wp-json\/wp\/v2\/users\/1"}],"replies":[{"embeddable":true,"href":"https:\/\/jms.com.bo\/mediamonitorbo\/wp-json\/wp\/v2\/comments?post=721"}],"version-history":[{"count":0,"href":"https:\/\/jms.com.bo\/mediamonitorbo\/wp-json\/wp\/v2\/posts\/721\/revisions"}],"wp:featuredmedia":[{"embeddable":true,"href":"https:\/\/jms.com.bo\/mediamonitorbo\/wp-json\/wp\/v2\/media\/722"}],"wp:attachment":[{"href":"https:\/\/jms.com.bo\/mediamonitorbo\/wp-json\/wp\/v2\/media?parent=721"}],"wp:term":[{"taxonomy":"category","embeddable":true,"href":"https:\/\/jms.com.bo\/mediamonitorbo\/wp-json\/wp\/v2\/categories?post=721"},{"taxonomy":"post_tag","embeddable":true,"href":"https:\/\/jms.com.bo\/mediamonitorbo\/wp-json\/wp\/v2\/tags?post=721"}],"curies":[{"name":"wp","href":"https:\/\/api.w.org\/{rel}","templated":true}]}}