{"id":775,"date":"2025-01-10T07:15:35","date_gmt":"2025-01-10T11:15:35","guid":{"rendered":"https:\/\/jms.com.bo\/mediamonitorbo\/2025\/01\/10\/la-preparacion-de-las-redes-y-el-almacenamiento-son-esenciales-para-acelerar-la-transicion-energetica\/"},"modified":"2025-01-10T07:15:35","modified_gmt":"2025-01-10T11:15:35","slug":"la-preparacion-de-las-redes-y-el-almacenamiento-son-esenciales-para-acelerar-la-transicion-energetica","status":"publish","type":"post","link":"https:\/\/jms.com.bo\/mediamonitorbo\/2025\/01\/10\/la-preparacion-de-las-redes-y-el-almacenamiento-son-esenciales-para-acelerar-la-transicion-energetica\/","title":{"rendered":"La preparaci\u00f3n de las redes y el almacenamiento son esenciales para acelerar la transici\u00f3n energ\u00e9tica"},"content":{"rendered":"<p>El objetivo de triplicar la capacidad de las energ\u00edas renovables para 2030 hace a\u00fan m\u00e1s urgente la planificaci\u00f3n y la inversi\u00f3n en el desarrollo de redes, seg\u00fan un art\u00edculo publicado por Adrian Gonzelez, director de Programas, Sectores de Innovaci\u00f3n y Uso Final de la Agencia Internacional de Energ\u00edas Renovables (Irena). Se\u00f1ala que, para aprovechar al m\u00e1ximo la energ\u00eda solar disponible a determinadas horas del d\u00eda, es esencial aumentar la capacidad de almacenamiento de energ\u00eda en bater\u00edas (BESS).<br \/>\nLa conexi\u00f3n de las energ\u00edas renovables al sistema el\u00e9ctrico requiere infraestructuras de red tanto a nivel de transmisi\u00f3n como de distribuci\u00f3n, incluidas l\u00edneas a\u00e9reas, cables subterr\u00e1neos y submarinos y subestaciones el\u00e9ctricas. Este hecho se ha pasado por alto en gran medida en varias regiones, seg\u00fan Gonzelez. Deben tomarse medidas urgentes para evitar retrasos en las infraestructuras de red, lo que retrasar\u00eda la transici\u00f3n energ\u00e9tica.<br \/>\nA diferencia de la generaci\u00f3n concentrada basada en combustibles f\u00f3siles o de las grandes centrales hidroel\u00e9ctricas, los generadores e\u00f3licos y solares est\u00e1n distribuidos en grandes \u00e1reas y m\u00faltiples emplazamientos, lo que hace a\u00fan m\u00e1s urgente la planificaci\u00f3n y la inversi\u00f3n en el desarrollo de redes, seg\u00fan Gonzelez. El suministro de electricidad fiable y asequible para satisfacer la creciente demanda de energ\u00eda que exige la electrificaci\u00f3n del transporte, la calefacci\u00f3n y refrigeraci\u00f3n y la industria, junto con las crecientes necesidades de electricidad de la tecnolog\u00eda de la informaci\u00f3n, se basar\u00e1 en la infraestructura de red.<br \/>\nSin embargo, como se\u00f1ala el ejecutivo, el despliegue de la infraestructura de red no se hace de la noche a la ma\u00f1ana. Debido a su naturaleza, las l\u00edneas el\u00e9ctricas deben tener en cuenta el impacto social y medioambiental en amplias zonas, a lo largo de todos sus trazados, lo que implica largos procesos de planificaci\u00f3n y concesi\u00f3n de licencias y la participaci\u00f3n de diversas partes interesadas, lo que lleva mucho tiempo y puede retrasar el despliegue. Adem\u00e1s de simplificar estos procesos, las inversiones tempranas pueden compensar estos requisitos de tiempo y son esenciales para desbloquear la expansi\u00f3n de la red y evitar futuros cuellos de botella.<br \/>\nEnerg\u00eda solar fotovoltaica y almacenamiento<br \/>\nGonzelez destaca el importante descenso de los costos de los paneles solares fotovoltaicos y las bater\u00edas en los \u00faltimos a\u00f1os, con una ca\u00edda de los precios de los equipos de alrededor del 90% entre 2010 y 2023. Es probable que esta tendencia contin\u00fae debido a los avances tecnol\u00f3gicos, las t\u00e9cnicas de fabricaci\u00f3n y las crecientes econom\u00edas de escala.<br \/>\nPara aprovechar al m\u00e1ximo la energ\u00eda solar disponible en determinados momentos del d\u00eda, la producci\u00f3n el\u00e9ctrica de los paneles debe superar las necesidades durante ese periodo, de modo que el excedente pueda almacenarse y utilizarse m\u00e1s tarde, hasta que vuelva a brillar el sol. Esto es posible con sistemas de almacenamiento de energ\u00eda en bater\u00edas (BESS).<br \/>\nSeg\u00fan el director de Irena, los avances y la reducci\u00f3n de costos de los BESS acaban de hacer que esta tecnolog\u00eda sea competitiva y especialmente adecuada para el almacenamiento a corto plazo, permitiendo el uso de energ\u00eda solar fotovoltaica limpia tambi\u00e9n durante las horas posteriores a la puesta de sol, cuando los patrones de demanda tienden a alcanzar su punto m\u00e1ximo.<br \/>\nPara \u00e9l, aunque la convergencia de las tecnolog\u00edas solar fotovoltaica y de almacenamiento de energ\u00eda es esencial, para aprovechar todo su potencial es necesario superar los retos sist\u00e9micos, lo que implica pol\u00edticas claras y de apoyo y hacer frente a la aversi\u00f3n al riesgo de las empresas. Los gobiernos deben aplicar estrategias energ\u00e9ticas que promuevan expl\u00edcitamente la integraci\u00f3n de la energ\u00eda solar y el almacenamiento, aline\u00e1ndolas con objetivos m\u00e1s amplios de transici\u00f3n clim\u00e1tica y energ\u00e9tica.<br \/>\nBas\u00e1ndose en las caracter\u00edsticas espec\u00edficas de cada sistema el\u00e9ctrico, los responsables pol\u00edticos nacionales y regionales deben evaluar objetivos cuantificables para el almacenamiento de energ\u00eda entre la cartera de medidas de apoyo, respaldando estas ambiciones con incentivos a largo plazo y marcos reguladores s\u00f3lidos. Al mismo tiempo, los actores de la industria y el sector financiero pueden convertirse en l\u00edderes complementando los esfuerzos pol\u00edticos con audacia a la hora de buscar y capitalizar las oportunidades de negocio de la transici\u00f3n energ\u00e9tica.<br \/>\nDependiendo de los contextos nacionales, pueden ser necesarias reformas normativas para garantizar que se permitan y reconozcan las capacidades de los sistemas de almacenamiento, como equilibrar la variabilidad de la red, permitir los cambios de hora punta y aumentar la resistencia del sistema. Evitar ineficiencias, como la doble tarificaci\u00f3n del acceso a la red, es esencial para crear mercados justos y competitivos que atraigan a los inversores.<br \/>\nPara el ejecutivo de Irena, el paso m\u00e1s cr\u00edtico para definir objetivos efectivos y eficientes para el despliegue de almacenamiento y redes que satisfagan las necesidades espec\u00edficas de un pa\u00eds es una evaluaci\u00f3n integrada del mix nacional de generaci\u00f3n de energ\u00eda y de las fuentes de flexibilidad. Seg\u00fan se propone en el World Energy Transitions Outlook 2024 de la Agencia Internacional de Energ\u00edas Renovables, de 1 a 2 MW de almacenamiento de energ\u00eda por cada 10 MW de capacidad a\u00f1adida de energ\u00eda renovable puede servir de referencia general, mientras que las caracter\u00edsticas necesarias, como la duraci\u00f3n y el tama\u00f1o espec\u00edfico, depender\u00e1n de la disponibilidad de m\u00faltiples y diversas fuentes de flexibilidad.<\/p>\n","protected":false},"excerpt":{"rendered":"<p>El objetivo de triplicar la capacidad de las energ\u00edas renovables para 2030 hace a\u00fan m\u00e1s urgente la planificaci\u00f3n y la inversi\u00f3n en el desarrollo de redes, seg\u00fan un art\u00edculo publicado por Adrian Gonzelez, director de Programas, Sectores de Innovaci\u00f3n y Uso Final de la Agencia Internacional de Energ\u00edas Renovables (Irena). Se\u00f1ala que, para aprovechar al [&hellip;]<\/p>\n","protected":false},"author":1,"featured_media":776,"comment_status":"","ping_status":"open","sticky":false,"template":"","format":"standard","meta":{"pagelayer_contact_templates":[],"_pagelayer_content":"","footnotes":""},"categories":[18],"tags":[],"class_list":{"0":"post-775","1":"post","2":"type-post","3":"status-publish","4":"format-standard","5":"has-post-thumbnail","7":"category-energia"},"_links":{"self":[{"href":"https:\/\/jms.com.bo\/mediamonitorbo\/wp-json\/wp\/v2\/posts\/775","targetHints":{"allow":["GET"]}}],"collection":[{"href":"https:\/\/jms.com.bo\/mediamonitorbo\/wp-json\/wp\/v2\/posts"}],"about":[{"href":"https:\/\/jms.com.bo\/mediamonitorbo\/wp-json\/wp\/v2\/types\/post"}],"author":[{"embeddable":true,"href":"https:\/\/jms.com.bo\/mediamonitorbo\/wp-json\/wp\/v2\/users\/1"}],"replies":[{"embeddable":true,"href":"https:\/\/jms.com.bo\/mediamonitorbo\/wp-json\/wp\/v2\/comments?post=775"}],"version-history":[{"count":0,"href":"https:\/\/jms.com.bo\/mediamonitorbo\/wp-json\/wp\/v2\/posts\/775\/revisions"}],"wp:featuredmedia":[{"embeddable":true,"href":"https:\/\/jms.com.bo\/mediamonitorbo\/wp-json\/wp\/v2\/media\/776"}],"wp:attachment":[{"href":"https:\/\/jms.com.bo\/mediamonitorbo\/wp-json\/wp\/v2\/media?parent=775"}],"wp:term":[{"taxonomy":"category","embeddable":true,"href":"https:\/\/jms.com.bo\/mediamonitorbo\/wp-json\/wp\/v2\/categories?post=775"},{"taxonomy":"post_tag","embeddable":true,"href":"https:\/\/jms.com.bo\/mediamonitorbo\/wp-json\/wp\/v2\/tags?post=775"}],"curies":[{"name":"wp","href":"https:\/\/api.w.org\/{rel}","templated":true}]}}