{"id":785,"date":"2025-01-10T07:02:15","date_gmt":"2025-01-10T11:02:15","guid":{"rendered":"https:\/\/jms.com.bo\/mediamonitorbo\/2025\/01\/10\/se-amplia-importacion-libre-de-trigo-y-harina\/"},"modified":"2025-01-10T07:02:15","modified_gmt":"2025-01-10T11:02:15","slug":"se-amplia-importacion-libre-de-trigo-y-harina","status":"publish","type":"post","link":"https:\/\/jms.com.bo\/mediamonitorbo\/2025\/01\/10\/se-amplia-importacion-libre-de-trigo-y-harina\/","title":{"rendered":"Se ampl\u00eda importaci\u00f3n libre de trigo y harina"},"content":{"rendered":"<p>En medio del reclamo de los panificadores por el alza de precios de los insumos y sus advertencias de incremento, el Gobierno aprob\u00f3 un nuevo decreto supremo (DS) que ampl\u00eda hasta el 31 de agosto la libre importaci\u00f3n de trigo y harina.<br \/>\n\u201cPara garantizar la provisi\u00f3n de trigo y harina de trigo en el pa\u00eds, hoy (mi\u00e9rcoles) en Gabinete aprobamos un DS que ampl\u00eda hasta el 31 de agosto de 2025, el plazo del diferimiento a cero (0%) del gravamen arancelario para la importaci\u00f3n de estos dos productos\u201d, public\u00f3 el presidente Luis Arce en sus redes sociales.<br \/>\nAseguro que buscan \u201cgarantizar la seguridad con soberan\u00eda alimentaria del pa\u00eds, a trav\u00e9s de una alimentaci\u00f3n sana, adecuada y suficiente para toda la poblaci\u00f3n boliviana\u201d.<br \/>\nM\u00e1s tarde, en conferencia de prensa, el ministro de Desarrollo Productivo, N\u00e9stor Huanca, resalt\u00f3 que el sector privado logr\u00f3 importar m\u00e1s de 18.000 toneladas de trigo y harina con gravamen arancelario del 0% a trav\u00e9s del decreto del 14 de agosto de 2024, que estuvo vigente solo hasta el 31 de diciembre.<br \/>\nLas importaciones fueron a trav\u00e9s de acuerdos comerciales con la Comunidad Andina, el Mercado Com\u00fan del Sur (Mercosur), Estados Unidos y Canad\u00e1.<br \/>\nSe import\u00f3 de Canad\u00e1 5.000 toneladas y 10.000 est\u00e1n en frontera para el mercado nacional.<br \/>\n\u201cCon esta medida, nosotros consideramos que el sector privado, que estaba trayendo trigo para procesar harina en el territorio nacional, va a tener mejores condiciones para seguir abasteciendo con este producto (\u2026) y garantizar el alimento para la producci\u00f3n del pan de batalla\u201d, indic\u00f3.<br \/>\nDEMANDA SECTORIAL<br \/>\nDurante las \u00faltimas semanas, los panificadores del pa\u00eds han reclamado un aumento del precio del pan de batalla.<br \/>\nEl viceministro de Comercio y Log\u00edstica Interna, Grover Lacoa, confirm\u00f3 para este jueves un nuevo encuentro con representantes de la Confederaci\u00f3n Nacional de Panificadores Artesanos de Bolivia (Conapabol) y rechaz\u00f3 la especulaci\u00f3n con este producto sobre todo en ciudades del eje central del pa\u00eds.<br \/>\nREUNI\u00d3N<br \/>\nEl viceministro de Comercio y Log\u00edstica Interna, Grover Lacoa, confirm\u00f3 para este jueves 9 de enero un nuevo encuentro con representantes de la Confederaci\u00f3n Nacional de Panificadores Artesanos de Bolivia.<\/p>\n","protected":false},"excerpt":{"rendered":"<p>En medio del reclamo de los panificadores por el alza de precios de los insumos y sus advertencias de incremento, el Gobierno aprob\u00f3 un nuevo decreto supremo (DS) que ampl\u00eda hasta el 31 de agosto la libre importaci\u00f3n de trigo y harina. \u201cPara garantizar la provisi\u00f3n de trigo y harina de trigo en el pa\u00eds, [&hellip;]<\/p>\n","protected":false},"author":1,"featured_media":786,"comment_status":"","ping_status":"open","sticky":false,"template":"","format":"standard","meta":{"pagelayer_contact_templates":[],"_pagelayer_content":"","footnotes":""},"categories":[19],"tags":[],"class_list":{"0":"post-785","1":"post","2":"type-post","3":"status-publish","4":"format-standard","5":"has-post-thumbnail","7":"category-economia"},"_links":{"self":[{"href":"https:\/\/jms.com.bo\/mediamonitorbo\/wp-json\/wp\/v2\/posts\/785","targetHints":{"allow":["GET"]}}],"collection":[{"href":"https:\/\/jms.com.bo\/mediamonitorbo\/wp-json\/wp\/v2\/posts"}],"about":[{"href":"https:\/\/jms.com.bo\/mediamonitorbo\/wp-json\/wp\/v2\/types\/post"}],"author":[{"embeddable":true,"href":"https:\/\/jms.com.bo\/mediamonitorbo\/wp-json\/wp\/v2\/users\/1"}],"replies":[{"embeddable":true,"href":"https:\/\/jms.com.bo\/mediamonitorbo\/wp-json\/wp\/v2\/comments?post=785"}],"version-history":[{"count":0,"href":"https:\/\/jms.com.bo\/mediamonitorbo\/wp-json\/wp\/v2\/posts\/785\/revisions"}],"wp:featuredmedia":[{"embeddable":true,"href":"https:\/\/jms.com.bo\/mediamonitorbo\/wp-json\/wp\/v2\/media\/786"}],"wp:attachment":[{"href":"https:\/\/jms.com.bo\/mediamonitorbo\/wp-json\/wp\/v2\/media?parent=785"}],"wp:term":[{"taxonomy":"category","embeddable":true,"href":"https:\/\/jms.com.bo\/mediamonitorbo\/wp-json\/wp\/v2\/categories?post=785"},{"taxonomy":"post_tag","embeddable":true,"href":"https:\/\/jms.com.bo\/mediamonitorbo\/wp-json\/wp\/v2\/tags?post=785"}],"curies":[{"name":"wp","href":"https:\/\/api.w.org\/{rel}","templated":true}]}}