{"id":787,"date":"2025-01-10T07:00:37","date_gmt":"2025-01-10T11:00:37","guid":{"rendered":"https:\/\/jms.com.bo\/mediamonitorbo\/2025\/01\/10\/diputados-tratara-este-viernes-la-ley-de-distribucion-de-escanos-y-la-conformacion-de-la-comision-de-etica\/"},"modified":"2025-01-10T07:00:37","modified_gmt":"2025-01-10T11:00:37","slug":"diputados-tratara-este-viernes-la-ley-de-distribucion-de-escanos-y-la-conformacion-de-la-comision-de-etica","status":"publish","type":"post","link":"https:\/\/jms.com.bo\/mediamonitorbo\/2025\/01\/10\/diputados-tratara-este-viernes-la-ley-de-distribucion-de-escanos-y-la-conformacion-de-la-comision-de-etica\/","title":{"rendered":"Diputados tratar\u00e1 este viernes la ley de distribuci\u00f3n de esca\u00f1os y la conformaci\u00f3n de la Comisi\u00f3n de \u00c9tica"},"content":{"rendered":"<p>Este viernes, la C\u00e1mara de Diputados sesionar\u00e1 a partir de las 08:30 para debatir dos temas fundamentales: el proyecto de Ley de Distribuci\u00f3n de Esca\u00f1os y la conformaci\u00f3n de la Comisi\u00f3n de \u00c9tica.<br \/>\nLa primera vicepresidenta de la C\u00e1mara de Diputados, Deisy Choque, destac\u00f3 la urgencia de aprobar el proyecto de ley que redistribuye los esca\u00f1os parlamentarios seg\u00fan los datos del Censo de 2024.<br \/>\nEl proyecto propone que Santa Cruz gane un esca\u00f1o adicional, pasando de 28 a 29 diputados, mientras Chuquisaca pierde uno, quedando con 9. Los dem\u00e1s departamentos mantienen su representaci\u00f3n actual. Esta redistribuci\u00f3n tambi\u00e9n afecta los recursos de coparticipaci\u00f3n popular.<br \/>\n\u00bb Uno de los temas urgentes a tratar es el tema de esca\u00f1os (que) todo el pueblo boliviano ha luchado para que exista el Censo. Ahora que los datos han sido emitidos, es nuestro deber garantizar su cumplimiento a trav\u00e9s de la normativa correspondiente\u00bb, afirm\u00f3<br \/>\nEl jefe de bancada de Comunidad Ciudadana (CC), Enrique Urquidi, manifest\u00f3 su respaldo a la norma, considerando su importancia para garantizar las elecciones generales de 2025.<br \/>\nSin embargo, el proyecto de ley enfrenta oposici\u00f3n de legisladores de Chuquisaca, quienes consideran que los resultados del Censo presentan contradicciones.<br \/>\nAdem\u00e1s del debate sobre esca\u00f1os, la conformaci\u00f3n de la Comisi\u00f3n de \u00c9tica ser\u00e1 otro punto clave de la sesi\u00f3n. Choque subray\u00f3 que la Comisi\u00f3n es vital para supervisar y regular el comportamiento de los legisladores, garantizando el respeto al Reglamento General de Diputados. \u00abNo podemos permitir acciones que vulneren la investidura de los legisladores\u00bb, asegur\u00f3.<br \/>\nEl presidente de la C\u00e1mara de Diputados, Omar Yujra, convoc\u00f3 a la sesi\u00f3n con car\u00e1cter de urgencia, respondiendo tambi\u00e9n a los requerimientos del Tribunal Supremo Electoral (TSE) para organizar las elecciones generales de agosto de 2025.<\/p>\n","protected":false},"excerpt":{"rendered":"<p>Este viernes, la C\u00e1mara de Diputados sesionar\u00e1 a partir de las 08:30 para debatir dos temas fundamentales: el proyecto de Ley de Distribuci\u00f3n de Esca\u00f1os y la conformaci\u00f3n de la Comisi\u00f3n de \u00c9tica. La primera vicepresidenta de la C\u00e1mara de Diputados, Deisy Choque, destac\u00f3 la urgencia de aprobar el proyecto de ley que redistribuye los [&hellip;]<\/p>\n","protected":false},"author":1,"featured_media":788,"comment_status":"","ping_status":"open","sticky":false,"template":"","format":"standard","meta":{"pagelayer_contact_templates":[],"_pagelayer_content":"","footnotes":""},"categories":[20,24,30],"tags":[],"class_list":{"0":"post-787","1":"post","2":"type-post","3":"status-publish","4":"format-standard","5":"has-post-thumbnail","7":"category-politica","8":"category-portada-general-sitio","9":"category-portada-politica"},"_links":{"self":[{"href":"https:\/\/jms.com.bo\/mediamonitorbo\/wp-json\/wp\/v2\/posts\/787","targetHints":{"allow":["GET"]}}],"collection":[{"href":"https:\/\/jms.com.bo\/mediamonitorbo\/wp-json\/wp\/v2\/posts"}],"about":[{"href":"https:\/\/jms.com.bo\/mediamonitorbo\/wp-json\/wp\/v2\/types\/post"}],"author":[{"embeddable":true,"href":"https:\/\/jms.com.bo\/mediamonitorbo\/wp-json\/wp\/v2\/users\/1"}],"replies":[{"embeddable":true,"href":"https:\/\/jms.com.bo\/mediamonitorbo\/wp-json\/wp\/v2\/comments?post=787"}],"version-history":[{"count":0,"href":"https:\/\/jms.com.bo\/mediamonitorbo\/wp-json\/wp\/v2\/posts\/787\/revisions"}],"wp:featuredmedia":[{"embeddable":true,"href":"https:\/\/jms.com.bo\/mediamonitorbo\/wp-json\/wp\/v2\/media\/788"}],"wp:attachment":[{"href":"https:\/\/jms.com.bo\/mediamonitorbo\/wp-json\/wp\/v2\/media?parent=787"}],"wp:term":[{"taxonomy":"category","embeddable":true,"href":"https:\/\/jms.com.bo\/mediamonitorbo\/wp-json\/wp\/v2\/categories?post=787"},{"taxonomy":"post_tag","embeddable":true,"href":"https:\/\/jms.com.bo\/mediamonitorbo\/wp-json\/wp\/v2\/tags?post=787"}],"curies":[{"name":"wp","href":"https:\/\/api.w.org\/{rel}","templated":true}]}}