{"id":795,"date":"2025-01-10T06:55:12","date_gmt":"2025-01-10T10:55:12","guid":{"rendered":"https:\/\/jms.com.bo\/mediamonitorbo\/2025\/01\/10\/gobierno-decidido-a-mantener-precio-del-pan-en-50-centavos\/"},"modified":"2025-01-10T06:55:12","modified_gmt":"2025-01-10T10:55:12","slug":"gobierno-decidido-a-mantener-precio-del-pan-en-50-centavos","status":"publish","type":"post","link":"https:\/\/jms.com.bo\/mediamonitorbo\/2025\/01\/10\/gobierno-decidido-a-mantener-precio-del-pan-en-50-centavos\/","title":{"rendered":"Gobierno, decidido a mantener precio del pan en 50 centavos"},"content":{"rendered":"<p>A pesar del pedido del sector panificador de incrementar el precio de este productos, Empresa de Apoyo a la Producci\u00f3n de Alimentos (Emapa) afirm\u00f3 que el precio se mantiene en 50 centavos y que la decisi\u00f3n es que no se incremente, por lo que se har\u00e1n todos los esfuerzos para continuar con la subvenci\u00f3n de la harina.<br \/>\nSeg\u00fan el gerente general de la Emapa, Franklin Flores, el Gobierno nacional descart\u00f3 un incremento en el precio del \u201cpan de batalla\u201d, por lo que continuar\u00e1 en 0,50 bolivianos.<br \/>\n\u201cEstamos trabajando, haciendo n\u00fameros para que el Estado tampoco llegue a ser afectado, pero el resultado final ser\u00e1 el pan a 50 centavos\u201d, dijo.<br \/>\nEl viceministro de Comercio y Log\u00edstica Interna, Grover Lacoa, inform\u00f3 que las autoridades del Gobierno y representantes de la Confederaci\u00f3n Nacional de Panificadores Artesanos de Bolivia (Conapabol) se reunir\u00e1n este jueves para \u201cesbozar\u201d el acuerdo sobre el precio del \u201cpan de batalla\u201d.<br \/>\nSin embargo, seg\u00fan el gerente de la estatal Emapa, este encuentro se llevar\u00e1 a cabo en otra fecha.<br \/>\n\u201cEntiendo que ya se ha generado consensos en fechas posteriores, pero ya se resuelve de manera urgente lo m\u00e1s r\u00e1pido posible este tema de la entrega de harina y el costo del pan de batalla\u201d, dijo.<br \/>\nNo obstante, se\u00f1al\u00f3 que el sector panificador demanda un \u201cmayor costo del pan\u201d y el Gobierno replantear\u00e1 esa propuesta para generar consenso y tener un solo precio.<br \/>\n\u201cEl fin del Gobierno es que el precio sea invariable, se sostenga a 50 centavos. Entonces vamos a ver qu\u00e9 otras alternativas m\u00e1s podemos agregar\u201d, sostuvo Flores.<\/p>\n","protected":false},"excerpt":{"rendered":"<p>A pesar del pedido del sector panificador de incrementar el precio de este productos, Empresa de Apoyo a la Producci\u00f3n de Alimentos (Emapa) afirm\u00f3 que el precio se mantiene en 50 centavos y que la decisi\u00f3n es que no se incremente, por lo que se har\u00e1n todos los esfuerzos para continuar con la subvenci\u00f3n de [&hellip;]<\/p>\n","protected":false},"author":1,"featured_media":796,"comment_status":"","ping_status":"open","sticky":false,"template":"","format":"standard","meta":{"pagelayer_contact_templates":[],"_pagelayer_content":"","footnotes":""},"categories":[21],"tags":[],"class_list":{"0":"post-795","1":"post","2":"type-post","3":"status-publish","4":"format-standard","5":"has-post-thumbnail","7":"category-actualidad"},"_links":{"self":[{"href":"https:\/\/jms.com.bo\/mediamonitorbo\/wp-json\/wp\/v2\/posts\/795","targetHints":{"allow":["GET"]}}],"collection":[{"href":"https:\/\/jms.com.bo\/mediamonitorbo\/wp-json\/wp\/v2\/posts"}],"about":[{"href":"https:\/\/jms.com.bo\/mediamonitorbo\/wp-json\/wp\/v2\/types\/post"}],"author":[{"embeddable":true,"href":"https:\/\/jms.com.bo\/mediamonitorbo\/wp-json\/wp\/v2\/users\/1"}],"replies":[{"embeddable":true,"href":"https:\/\/jms.com.bo\/mediamonitorbo\/wp-json\/wp\/v2\/comments?post=795"}],"version-history":[{"count":0,"href":"https:\/\/jms.com.bo\/mediamonitorbo\/wp-json\/wp\/v2\/posts\/795\/revisions"}],"wp:featuredmedia":[{"embeddable":true,"href":"https:\/\/jms.com.bo\/mediamonitorbo\/wp-json\/wp\/v2\/media\/796"}],"wp:attachment":[{"href":"https:\/\/jms.com.bo\/mediamonitorbo\/wp-json\/wp\/v2\/media?parent=795"}],"wp:term":[{"taxonomy":"category","embeddable":true,"href":"https:\/\/jms.com.bo\/mediamonitorbo\/wp-json\/wp\/v2\/categories?post=795"},{"taxonomy":"post_tag","embeddable":true,"href":"https:\/\/jms.com.bo\/mediamonitorbo\/wp-json\/wp\/v2\/tags?post=795"}],"curies":[{"name":"wp","href":"https:\/\/api.w.org\/{rel}","templated":true}]}}