{"id":799,"date":"2025-01-10T06:52:15","date_gmt":"2025-01-10T10:52:15","guid":{"rendered":"https:\/\/jms.com.bo\/mediamonitorbo\/2025\/01\/10\/gremiales-advierten-con-movilizaciones-contra-confiscaciones-previstas-en-el-pge-2025\/"},"modified":"2025-01-10T06:52:15","modified_gmt":"2025-01-10T10:52:15","slug":"gremiales-advierten-con-movilizaciones-contra-confiscaciones-previstas-en-el-pge-2025","status":"publish","type":"post","link":"https:\/\/jms.com.bo\/mediamonitorbo\/2025\/01\/10\/gremiales-advierten-con-movilizaciones-contra-confiscaciones-previstas-en-el-pge-2025\/","title":{"rendered":"Gremiales advierten con movilizaciones contra confiscaciones previstas en el PGE 2025"},"content":{"rendered":"<p>Los gremialistas de Santa Cruz expresaron su firme rechazo a la disposici\u00f3n adicional s\u00e9ptima de la ley del Presupuesto General del Estado (PGE) referida al decomiso de productos y anticiparon que desde la pr\u00f3xima semana realizar\u00e1n movilizaciones para exigir al gobierno su abrogaci\u00f3n.<br \/>\n\u00abNo vamos a permitir que el gobierno nacional se lave las manos de su incompetencia porque no ha podido reactivar la econom\u00eda del pa\u00eds y ahora est\u00e1 queriendo hacer creer a la poblaci\u00f3n de que es culpa de la familia gremial y eso no es as\u00ed\u00bb, se\u00f1al\u00f3 Laura Franco, secretaria general de la Coordinadora del Oriente de las federaciones gremiales.<br \/>\nEnfatiz\u00f3 que el alza de precios se debe a la escasez de d\u00f3lares y de productos de la canasta familiar. \u00abNadie se va a animar bajo la amenaza de que va a ser decomisado su producto\u00bb, remarc\u00f3 Franco.<br \/>\nCalific\u00f3 de arbitraria la ley con la que se pretende confiscar bienes o productos que son resultado del esfuerzo del comerciante.<br \/>\n\u00c9dgar \u00c1lvarez, otro dirigente gremial, se\u00f1al\u00f3 que las medidas se definir\u00e1n en un ampliado nacional el pr\u00f3ximo lunes en La Paz.<br \/>\n\u00abYa est\u00e1 bueno de que el pobre tenga que solucionarle la vida al gobierno. Ellos viven felices con su sueldo\u00bb, remarc\u00f3 Franco, quien cuestion\u00f3 adem\u00e1s a los legisladores por no vetar esa disposici\u00f3n en el PGE.<br \/>\nEl mi\u00e9rcoles, tras una reuni\u00f3n nacional en Cochabamba, 21 instituciones del sector agropecuario, exportador, trasporte y gremial emitieron un pronunciamiento en el que exigieron la abrogaci\u00f3n de dicha disposici\u00f3n por generar inseguridad jur\u00eddica a todos los sectores de las diversas cadenas de suministro. Enfatizaron que los grandes afectados no ser\u00e1n los productores sino la poblaci\u00f3n. nadie producir\u00e1 a perdida o para que le confisquen sus productos con el pretexto de especulaci\u00f3n, generando un escenario propicio para la arbitrariedad y extorsi\u00f3n de funcionarios p\u00fablicos\u00bb, enfatizaron en su comunicado.<\/p>\n","protected":false},"excerpt":{"rendered":"<p>Los gremialistas de Santa Cruz expresaron su firme rechazo a la disposici\u00f3n adicional s\u00e9ptima de la ley del Presupuesto General del Estado (PGE) referida al decomiso de productos y anticiparon que desde la pr\u00f3xima semana realizar\u00e1n movilizaciones para exigir al gobierno su abrogaci\u00f3n. \u00abNo vamos a permitir que el gobierno nacional se lave las manos [&hellip;]<\/p>\n","protected":false},"author":1,"featured_media":800,"comment_status":"","ping_status":"open","sticky":false,"template":"","format":"standard","meta":{"pagelayer_contact_templates":[],"_pagelayer_content":"","footnotes":""},"categories":[22],"tags":[],"class_list":{"0":"post-799","1":"post","2":"type-post","3":"status-publish","4":"format-standard","5":"has-post-thumbnail","7":"category-social"},"_links":{"self":[{"href":"https:\/\/jms.com.bo\/mediamonitorbo\/wp-json\/wp\/v2\/posts\/799","targetHints":{"allow":["GET"]}}],"collection":[{"href":"https:\/\/jms.com.bo\/mediamonitorbo\/wp-json\/wp\/v2\/posts"}],"about":[{"href":"https:\/\/jms.com.bo\/mediamonitorbo\/wp-json\/wp\/v2\/types\/post"}],"author":[{"embeddable":true,"href":"https:\/\/jms.com.bo\/mediamonitorbo\/wp-json\/wp\/v2\/users\/1"}],"replies":[{"embeddable":true,"href":"https:\/\/jms.com.bo\/mediamonitorbo\/wp-json\/wp\/v2\/comments?post=799"}],"version-history":[{"count":0,"href":"https:\/\/jms.com.bo\/mediamonitorbo\/wp-json\/wp\/v2\/posts\/799\/revisions"}],"wp:featuredmedia":[{"embeddable":true,"href":"https:\/\/jms.com.bo\/mediamonitorbo\/wp-json\/wp\/v2\/media\/800"}],"wp:attachment":[{"href":"https:\/\/jms.com.bo\/mediamonitorbo\/wp-json\/wp\/v2\/media?parent=799"}],"wp:term":[{"taxonomy":"category","embeddable":true,"href":"https:\/\/jms.com.bo\/mediamonitorbo\/wp-json\/wp\/v2\/categories?post=799"},{"taxonomy":"post_tag","embeddable":true,"href":"https:\/\/jms.com.bo\/mediamonitorbo\/wp-json\/wp\/v2\/tags?post=799"}],"curies":[{"name":"wp","href":"https:\/\/api.w.org\/{rel}","templated":true}]}}