{"id":807,"date":"2025-01-10T06:45:39","date_gmt":"2025-01-10T10:45:39","guid":{"rendered":"https:\/\/jms.com.bo\/mediamonitorbo\/2025\/01\/10\/bolivia-reporta-cuatro-muertes-por-covid-19-desde-diciembre-y-los-casos-se-incrementan\/"},"modified":"2025-01-10T06:45:39","modified_gmt":"2025-01-10T10:45:39","slug":"bolivia-reporta-cuatro-muertes-por-covid-19-desde-diciembre-y-los-casos-se-incrementan","status":"publish","type":"post","link":"https:\/\/jms.com.bo\/mediamonitorbo\/2025\/01\/10\/bolivia-reporta-cuatro-muertes-por-covid-19-desde-diciembre-y-los-casos-se-incrementan\/","title":{"rendered":"Bolivia reporta cuatro muertes por covid-19 desde diciembre y los casos se incrementan"},"content":{"rendered":"<p>Bolivia report\u00f3 este jueves la cuarta persona fallecida por covid-19 desde finales de diciembre pasado y un incremento de los casos en todas las regiones del pa\u00eds andino.<br \/>\nEl m\u00e1s reciente deceso ocurri\u00f3 en Cochabamba y se trata de un var\u00f3n de 70 a\u00f1os que lleg\u00f3 desde el departamento de Santa Cruz.<br \/>\nEl jefe de Epidemiolog\u00eda del Servicio Departamental de Salud (Sedes) de Cochabamba, Rub\u00e9n Castillo, inform\u00f3 a los medios locales que el paciente lleg\u00f3 el fin de semana a la poblaci\u00f3n rural de Totora y presentaba \u00abtodos los s\u00edntomas\u00bb y \u00ablamentablemente ha llegado a fallecer porque ha tenido un proceso agudo y brusco\u00bb.<br \/>\nEl fallecido contaba con tres dosis de la vacuna contra la covid-19, sin embargo ten\u00eda una enfermedad de base, lo que agrav\u00f3 su estado de salud en las \u00faltimas horas, seg\u00fan el reporte m\u00e9dico.<br \/>\nCastillo se\u00f1al\u00f3 que tras el deceso, el personal m\u00e9dico hizo un \u00abrastrillaje\u00bb y determin\u00f3 que cinco personas del entorno cercano de la persona fallecida est\u00e1n contagiadas, aunque no presentan s\u00edntomas.<br \/>\nCon este caso suman cuatro los fallecimientos en esta nueva ola de la enfermedad. El primero se report\u00f3 el 28 de diciembre pasado en el departamento de Beni y los otros dos en la regi\u00f3n oriental de Santa Cruz, la m\u00e1s poblada y la que actualmente registra la mayor cantidad de contagios.<br \/>\nLa ministra de Salud, Mar\u00eda Rene\u00e9 Castro, explic\u00f3 el domingo que en la primera semana epidemiol\u00f3gica de 2025 se registraron 457 casos de coronavirus en Bolivia, de los cuales 369 estaban en Santa Cruz.<br \/>\nNo obstante, los servicios departamentales de salud reportan incrementos de contagios en los \u00faltimos d\u00edas en Santa Cruz, Beni, La Paz y Cochabamba.<br \/>\nEl presidente de Bolivia, Luis Arce, anunci\u00f3 el martes que su pa\u00eds recibir\u00e1 m\u00e1s de medio mill\u00f3n de vacunas contra la covid-19 tras conocerse sobre un aumento de casos de la enfermedad, sobre todo en Santa Cruz.<br \/>\nArce se\u00f1al\u00f3, a trav\u00e9s de sus redes sociales, que la covid-19 \u00absigue circulando, convirti\u00e9ndose en un virus end\u00e9mico\u00bb que estar\u00e1 \u00abpor muchos a\u00f1os m\u00e1s\u00bb.<br \/>\n\u00abPor ello, para prevenir su propagaci\u00f3n hemos garantizado la distribuci\u00f3n gratuita de vacunas en todo el pa\u00eds y en los pr\u00f3ximos d\u00edas contaremos con m\u00e1s de medio mill\u00f3n de vacunas disponibles para la poblaci\u00f3n boliviana\u00bb, anunci\u00f3.<br \/>\nPor su parte, la ministra Castro inform\u00f3 en la v\u00edspera que Bolivia cuenta con \u00abm\u00e1s de 150 mil dosis de la vacuna contra la covid-19\u00bb, ya disponibles en los centros de salud.<br \/>\n\u00abInsto a los grupos de riesgo como personas mayores de 60 a\u00f1os, personas con enfermedades de base, mujeres gestantes y personal de salud a recibir su dosis anual, que protege contra el virus y sus variantes\u00bb, pidi\u00f3 la ministra.<\/p>\n","protected":false},"excerpt":{"rendered":"<p>Bolivia report\u00f3 este jueves la cuarta persona fallecida por covid-19 desde finales de diciembre pasado y un incremento de los casos en todas las regiones del pa\u00eds andino. El m\u00e1s reciente deceso ocurri\u00f3 en Cochabamba y se trata de un var\u00f3n de 70 a\u00f1os que lleg\u00f3 desde el departamento de Santa Cruz. El jefe de [&hellip;]<\/p>\n","protected":false},"author":1,"featured_media":808,"comment_status":"","ping_status":"open","sticky":false,"template":"","format":"standard","meta":{"pagelayer_contact_templates":[],"_pagelayer_content":"","footnotes":""},"categories":[32],"tags":[],"class_list":{"0":"post-807","1":"post","2":"type-post","3":"status-publish","4":"format-standard","5":"has-post-thumbnail","7":"category-salud"},"_links":{"self":[{"href":"https:\/\/jms.com.bo\/mediamonitorbo\/wp-json\/wp\/v2\/posts\/807","targetHints":{"allow":["GET"]}}],"collection":[{"href":"https:\/\/jms.com.bo\/mediamonitorbo\/wp-json\/wp\/v2\/posts"}],"about":[{"href":"https:\/\/jms.com.bo\/mediamonitorbo\/wp-json\/wp\/v2\/types\/post"}],"author":[{"embeddable":true,"href":"https:\/\/jms.com.bo\/mediamonitorbo\/wp-json\/wp\/v2\/users\/1"}],"replies":[{"embeddable":true,"href":"https:\/\/jms.com.bo\/mediamonitorbo\/wp-json\/wp\/v2\/comments?post=807"}],"version-history":[{"count":0,"href":"https:\/\/jms.com.bo\/mediamonitorbo\/wp-json\/wp\/v2\/posts\/807\/revisions"}],"wp:featuredmedia":[{"embeddable":true,"href":"https:\/\/jms.com.bo\/mediamonitorbo\/wp-json\/wp\/v2\/media\/808"}],"wp:attachment":[{"href":"https:\/\/jms.com.bo\/mediamonitorbo\/wp-json\/wp\/v2\/media?parent=807"}],"wp:term":[{"taxonomy":"category","embeddable":true,"href":"https:\/\/jms.com.bo\/mediamonitorbo\/wp-json\/wp\/v2\/categories?post=807"},{"taxonomy":"post_tag","embeddable":true,"href":"https:\/\/jms.com.bo\/mediamonitorbo\/wp-json\/wp\/v2\/tags?post=807"}],"curies":[{"name":"wp","href":"https:\/\/api.w.org\/{rel}","templated":true}]}}