{"id":829,"date":"2025-01-09T06:55:03","date_gmt":"2025-01-09T10:55:03","guid":{"rendered":"https:\/\/jms.com.bo\/mediamonitorbo\/2025\/01\/09\/gobierno-advierte-que-mercados-ocultan-el-aceite-y-anuncia-que-planta-estatal-cubrira-el-65-de-la-demanda-del-producto\/"},"modified":"2025-01-09T06:55:03","modified_gmt":"2025-01-09T10:55:03","slug":"gobierno-advierte-que-mercados-ocultan-el-aceite-y-anuncia-que-planta-estatal-cubrira-el-65-de-la-demanda-del-producto","status":"publish","type":"post","link":"https:\/\/jms.com.bo\/mediamonitorbo\/2025\/01\/09\/gobierno-advierte-que-mercados-ocultan-el-aceite-y-anuncia-que-planta-estatal-cubrira-el-65-de-la-demanda-del-producto\/","title":{"rendered":"Gobierno advierte que mercados ocultan el aceite y anuncia que Planta estatal cubrir\u00e1 el 65% de la demanda del producto"},"content":{"rendered":"<p>El viceministro de Pol\u00edticas de Industrializaci\u00f3n, Luis Siles, inform\u00f3 que comerciantes de mercados populares est\u00e1n ocultando el aceite, lo que hace que el producto se encarezca. Adem\u00e1s, anunci\u00f3 que en febrero de este a\u00f1o se pondr\u00e1 en marcha la nueva planta aceitera de Emapa en San Juli\u00e1n.<br \/>\nSeg\u00fan la autoridad, la planta, cuya inauguraci\u00f3n fue realizada recientemente por el presidente, se encuentra en su etapa final de certificaci\u00f3n y aceptaci\u00f3n de garant\u00edas de maquinaria y equipo.<br \/>\nSe proyecta que para febrero de este a\u00f1o la planta estar\u00e1 operativa con su l\u00ednea de aceite refinado, lo que permitir\u00e1 cubrir hasta el 65% de la demanda nacional.<br \/>\n\u201cLa planta de San Juli\u00e1n nos permitir\u00e1 operar a capacidad plena, y con ello garantizaremos una producci\u00f3n constante para satisfacer las necesidades del mercado interno. Esto es parte de una estrategia integral para reducir la dependencia de importaciones y evitar la especulaci\u00f3n,\u201d explic\u00f3.<br \/>\nAbastecimiento<br \/>\nSiles inform\u00f3 que, actualmente, el aceite est\u00e1 siendo distribuido de manera efectiva a trav\u00e9s de los canales directos, como los supermercados de Emapa, donde se respeta el precio regulado de 11 bolivianos por litro. A pesar del aumento de la demanda \u2014que pas\u00f3 de 2.500 a 6.100 unidades diarias\u2014, la alianza estrat\u00e9gica entre Emapa y las industrias privadas ha permitido mantener un suministro constante en el mercado interno, se\u00f1al\u00f3.<br \/>\nEn respuesta a los problemas de contrabando hacia pa\u00edses vecinos y el desabastecimiento reportado en algunos puntos de venta, el gobierno ha intensificado los controles fronterizos.<br \/>\n\u201cTenemos 8.000 efectivos desplegados en las fronteras, y recientemente hemos logrado el comiso de cuatro camiones. Sin embargo, seguimos trabajando para fortalecer el control en el \u00faltimo eslab\u00f3n, que es la comercializaci\u00f3n al mayoreo,\u201d indic\u00f3 Siles.<br \/>\nEl viceministro hizo un llamado a la ciudadan\u00eda a adquirir aceite en los puntos de venta oficiales, como los supermercados de Empa, para evitar la especulaci\u00f3n y garantizar el acceso al producto a precios justos.<br \/>\nEsto porque se detect\u00f3 un ocultamiento del producto de los principales mercados de abasto del pa\u00eds.<\/p>\n","protected":false},"excerpt":{"rendered":"<p>El viceministro de Pol\u00edticas de Industrializaci\u00f3n, Luis Siles, inform\u00f3 que comerciantes de mercados populares est\u00e1n ocultando el aceite, lo que hace que el producto se encarezca. Adem\u00e1s, anunci\u00f3 que en febrero de este a\u00f1o se pondr\u00e1 en marcha la nueva planta aceitera de Emapa en San Juli\u00e1n. Seg\u00fan la autoridad, la planta, cuya inauguraci\u00f3n fue [&hellip;]<\/p>\n","protected":false},"author":1,"featured_media":830,"comment_status":"","ping_status":"open","sticky":false,"template":"","format":"standard","meta":{"pagelayer_contact_templates":[],"_pagelayer_content":"","footnotes":""},"categories":[19],"tags":[],"class_list":{"0":"post-829","1":"post","2":"type-post","3":"status-publish","4":"format-standard","5":"has-post-thumbnail","7":"category-economia"},"_links":{"self":[{"href":"https:\/\/jms.com.bo\/mediamonitorbo\/wp-json\/wp\/v2\/posts\/829","targetHints":{"allow":["GET"]}}],"collection":[{"href":"https:\/\/jms.com.bo\/mediamonitorbo\/wp-json\/wp\/v2\/posts"}],"about":[{"href":"https:\/\/jms.com.bo\/mediamonitorbo\/wp-json\/wp\/v2\/types\/post"}],"author":[{"embeddable":true,"href":"https:\/\/jms.com.bo\/mediamonitorbo\/wp-json\/wp\/v2\/users\/1"}],"replies":[{"embeddable":true,"href":"https:\/\/jms.com.bo\/mediamonitorbo\/wp-json\/wp\/v2\/comments?post=829"}],"version-history":[{"count":0,"href":"https:\/\/jms.com.bo\/mediamonitorbo\/wp-json\/wp\/v2\/posts\/829\/revisions"}],"wp:featuredmedia":[{"embeddable":true,"href":"https:\/\/jms.com.bo\/mediamonitorbo\/wp-json\/wp\/v2\/media\/830"}],"wp:attachment":[{"href":"https:\/\/jms.com.bo\/mediamonitorbo\/wp-json\/wp\/v2\/media?parent=829"}],"wp:term":[{"taxonomy":"category","embeddable":true,"href":"https:\/\/jms.com.bo\/mediamonitorbo\/wp-json\/wp\/v2\/categories?post=829"},{"taxonomy":"post_tag","embeddable":true,"href":"https:\/\/jms.com.bo\/mediamonitorbo\/wp-json\/wp\/v2\/tags?post=829"}],"curies":[{"name":"wp","href":"https:\/\/api.w.org\/{rel}","templated":true}]}}