{"id":833,"date":"2025-01-09T06:52:33","date_gmt":"2025-01-09T10:52:33","guid":{"rendered":"https:\/\/jms.com.bo\/mediamonitorbo\/2025\/01\/09\/migracion-senala-que-el-chileno-munoz-hoffman-no-contaba-con-solicitud-de-extradicion\/"},"modified":"2025-01-09T06:52:33","modified_gmt":"2025-01-09T10:52:33","slug":"migracion-senala-que-el-chileno-munoz-hoffman-no-contaba-con-solicitud-de-extradicion","status":"publish","type":"post","link":"https:\/\/jms.com.bo\/mediamonitorbo\/2025\/01\/09\/migracion-senala-que-el-chileno-munoz-hoffman-no-contaba-con-solicitud-de-extradicion\/","title":{"rendered":"Migraci\u00f3n se\u00f1ala que el chileno Mu\u00f1oz Hoffman no contaba con solicitud de extradici\u00f3n"},"content":{"rendered":"<p>La directora general de Migraci\u00f3n, Katherine Calder\u00f3n, inform\u00f3 este mi\u00e9rcoles que el exguerrillero chileno Pablo Mu\u00f1oz Hoffman no contaba con una solicitud de extracci\u00f3n por el Estado de Chile por lo que se determin\u00f3 su libertad.<br \/>\n\u201cNo se ha sustanciado el requerimiento por parte de la Rep\u00fablica de Chile para que esta persona sea extraditada ante el Ministerio de Relaciones Exteriores y ante el Tribunal Supremo de Justicia de Bolivia\u201d, dijo Calder\u00f3n.<br \/>\nReiter\u00f3 que la Rep\u00fablica de Chile no ha solicitado la extradici\u00f3n a Bolivia, por lo que no existe causas en el pa\u00eds para que el exguerrillero sea presentando ante la autoridad competente.<br \/>\nA\u00f1adi\u00f3 que Mu\u00f1oz Hoffman contaba con una alerta roja de Interpol, pero que \u00e9l \u201cfue puesto en libertad\u201d porque no existe una orden de detenci\u00f3n en el pa\u00eds.<br \/>\nEl exguerrillero fue capturado el lunes en la ciudad de La Paz por la Polic\u00eda tras ser alertado por las fuerzas de seguridad del Consulado de Chile sobre la presencia del exintegrante del Frente Patri\u00f3tico Manuel Rodr\u00edguez (FPMR).<br \/>\nSeg\u00fan medios chilenos, Mu\u00f1oz Hoffman en 1996 protagoniz\u00f3 una fuga de \u201cpel\u00edcula\u201d de la C\u00e1rcel de Alta Seguridad de Santiago de Chile a bordo de un helic\u00f3ptero.<br \/>\nLa fuga fue bautizada como \u201cel vuelo de la libertad\u201d, mientras los medios de ese pa\u00eds hasta hoy le llaman \u201cla fuga del siglo\u201d, esto debido a la espectacularidad de la evasi\u00f3n del guerrillero.<br \/>\nCalder\u00f3n dijo desconocer el lugar en que se encuentra Mu\u00f1oz Hoffman, sin embargo, se\u00f1al\u00f3 que se encuentra en La Paz y que de acuerdo a los protocolos que tiene la Polic\u00eda Boliviana \u201cse tiene que tener el domicilio y el lugar donde se encuentra en nuestro territorio\u201d.<br \/>\n\u201cLa localizaci\u00f3n de esta persona la tiene que tener la Polic\u00eda Boliviana, que ha tenido conocimiento a trav\u00e9s de la Direcci\u00f3n Nacional de Interpol y los registros y protocolos internacionales que sigue esta unidad de la Polic\u00eda en b\u00fasqueda de cumplir con la orden de localizaci\u00f3n internacional que ten\u00eda esta persona\u201d, mencion\u00f3.<br \/>\nEn tanto, la ministra del Interior de Chile, Carolina Toh\u00e1, se\u00f1al\u00f3 este mi\u00e9rcoles que el proceso de extradici\u00f3n de Mu\u00f1oz Hoffman debe iniciarse mediante un tribunal chileno y que \u00e9sta debe ser acompa\u00f1ada por una acci\u00f3n conjunta de instituciones de ese pa\u00eds.<br \/>\nLa autoridad explic\u00f3 que el primer paso es que el tribunal solicite la extradici\u00f3n. \u201cEsto tiene que tramitarse a trav\u00e9s del tribunal, que es el que tiene que solicitar la extradici\u00f3n. Es lo mismo que hemos visto en otros casos\u201d, explic\u00f3 la autoridad a los medios chilenos.<\/p>\n","protected":false},"excerpt":{"rendered":"<p>La directora general de Migraci\u00f3n, Katherine Calder\u00f3n, inform\u00f3 este mi\u00e9rcoles que el exguerrillero chileno Pablo Mu\u00f1oz Hoffman no contaba con una solicitud de extracci\u00f3n por el Estado de Chile por lo que se determin\u00f3 su libertad. \u201cNo se ha sustanciado el requerimiento por parte de la Rep\u00fablica de Chile para que esta persona sea extraditada [&hellip;]<\/p>\n","protected":false},"author":1,"featured_media":834,"comment_status":"","ping_status":"open","sticky":false,"template":"","format":"standard","meta":{"pagelayer_contact_templates":[],"_pagelayer_content":"","footnotes":""},"categories":[20],"tags":[],"class_list":{"0":"post-833","1":"post","2":"type-post","3":"status-publish","4":"format-standard","5":"has-post-thumbnail","7":"category-politica"},"_links":{"self":[{"href":"https:\/\/jms.com.bo\/mediamonitorbo\/wp-json\/wp\/v2\/posts\/833","targetHints":{"allow":["GET"]}}],"collection":[{"href":"https:\/\/jms.com.bo\/mediamonitorbo\/wp-json\/wp\/v2\/posts"}],"about":[{"href":"https:\/\/jms.com.bo\/mediamonitorbo\/wp-json\/wp\/v2\/types\/post"}],"author":[{"embeddable":true,"href":"https:\/\/jms.com.bo\/mediamonitorbo\/wp-json\/wp\/v2\/users\/1"}],"replies":[{"embeddable":true,"href":"https:\/\/jms.com.bo\/mediamonitorbo\/wp-json\/wp\/v2\/comments?post=833"}],"version-history":[{"count":0,"href":"https:\/\/jms.com.bo\/mediamonitorbo\/wp-json\/wp\/v2\/posts\/833\/revisions"}],"wp:featuredmedia":[{"embeddable":true,"href":"https:\/\/jms.com.bo\/mediamonitorbo\/wp-json\/wp\/v2\/media\/834"}],"wp:attachment":[{"href":"https:\/\/jms.com.bo\/mediamonitorbo\/wp-json\/wp\/v2\/media?parent=833"}],"wp:term":[{"taxonomy":"category","embeddable":true,"href":"https:\/\/jms.com.bo\/mediamonitorbo\/wp-json\/wp\/v2\/categories?post=833"},{"taxonomy":"post_tag","embeddable":true,"href":"https:\/\/jms.com.bo\/mediamonitorbo\/wp-json\/wp\/v2\/tags?post=833"}],"curies":[{"name":"wp","href":"https:\/\/api.w.org\/{rel}","templated":true}]}}