{"id":837,"date":"2025-01-09T06:47:56","date_gmt":"2025-01-09T10:47:56","guid":{"rendered":"https:\/\/jms.com.bo\/mediamonitorbo\/2025\/01\/09\/transporte-pesado-anuncia-aumento-del-40-en-tarifas-ante-crisis-de-diesel-y-escasez-de-dolares\/"},"modified":"2025-01-09T06:47:56","modified_gmt":"2025-01-09T10:47:56","slug":"transporte-pesado-anuncia-aumento-del-40-en-tarifas-ante-crisis-de-diesel-y-escasez-de-dolares","status":"publish","type":"post","link":"https:\/\/jms.com.bo\/mediamonitorbo\/2025\/01\/09\/transporte-pesado-anuncia-aumento-del-40-en-tarifas-ante-crisis-de-diesel-y-escasez-de-dolares\/","title":{"rendered":"Transporte pesado anuncia aumento del 40% en tarifas ante crisis de di\u00e9sel y escasez de d\u00f3lares"},"content":{"rendered":"<p>La C\u00e1mara Boliviana de Transporte Pesado dio a conocer que en los pr\u00f3ximos d\u00edas presentar\u00e1 una nueva escala de precios en sus servicios, con un incremento proyectado del 40%, debido a las crecientes dificultades econ\u00f3micas que enfrenta el sector.<br \/>\nLa decisi\u00f3n fue anunciada por el presidente de la organizaci\u00f3n, H\u00e9ctor Mercado, quien destac\u00f3 que el aumento responde a factores como la crisis del di\u00e9sel y la escasez de d\u00f3lares.<br \/>\n\u201cEl transporte pesado boliviano est\u00e1 cerca de lanzar su nuevo precio de costos porque todo lo que importamos los bolivianos para el transporte pesado es importaci\u00f3n que se paga con d\u00f3lares\u201d, explic\u00f3 Mercado en una conferencia de prensa tras una reuni\u00f3n interinstitucional con actores del sector productivo del pa\u00eds.<br \/>\nTransporte<br \/>\nUno de los problemas m\u00e1s cr\u00edticos, seg\u00fan Mercado, es la distribuci\u00f3n irregular de di\u00e9sel, que genera largas filas de camiones en los surtidores.<br \/>\n\u201cEl transporte pesado tiene ahora mismo en cada surtidor alrededor de 15 camiones haciendo cola en la fila del di\u00e9sel\u201d, denunci\u00f3.<br \/>\nEl sector tambi\u00e9n enfrenta un aumento en los costos debido a la apreciaci\u00f3n del d\u00f3lar en el mercado paralelo, lo que impacta en la adquisici\u00f3n de insumos y repuestos.<br \/>\n\u201cAhora mismo el d\u00f3lar est\u00e1 en 11,25 (bolivianos), es por eso que est\u00e1n subiendo las cosas en Bolivia\u201d, a\u00f1adi\u00f3 el dirigente.<br \/>\nAdem\u00e1s de los problemas operativos, el transporte pesado expres\u00f3 su preocupaci\u00f3n por la falta de seguridad jur\u00eddica y la disposici\u00f3n de confiscaci\u00f3n incluida en el Presupuesto General del Estado (PGE) 2025.<br \/>\n\u201cEstamos muy preocupados por la situaci\u00f3n, lamentablemente el Gobierno no nos ha podido dar soluci\u00f3n a muchos problemas. Nosotros somos parte del sector productor y no podemos ser decomisados ni detenidos porque simplemente prestamos un servicio. Pedimos la seguridad jur\u00eddica de todo el sector productivo\u201d, enfatiz\u00f3 Mercado.<br \/>\nEste mi\u00e9rcoles, diversas asociaciones y c\u00e1maras productivas exigieron la eliminaci\u00f3n de la disposici\u00f3n adicional s\u00e9ptima, calific\u00e1ndola como una medida que pone en riesgo la estabilidad del sector productivo.<br \/>\nMercado asegur\u00f3 que el sector mantendr\u00e1 su postura firme hasta que se implementen soluciones concretas por parte del Gobierno.<\/p>\n","protected":false},"excerpt":{"rendered":"<p>La C\u00e1mara Boliviana de Transporte Pesado dio a conocer que en los pr\u00f3ximos d\u00edas presentar\u00e1 una nueva escala de precios en sus servicios, con un incremento proyectado del 40%, debido a las crecientes dificultades econ\u00f3micas que enfrenta el sector. La decisi\u00f3n fue anunciada por el presidente de la organizaci\u00f3n, H\u00e9ctor Mercado, quien destac\u00f3 que el [&hellip;]<\/p>\n","protected":false},"author":1,"featured_media":838,"comment_status":"","ping_status":"open","sticky":false,"template":"","format":"standard","meta":{"pagelayer_contact_templates":[],"_pagelayer_content":"","footnotes":""},"categories":[21,31,24],"tags":[],"class_list":{"0":"post-837","1":"post","2":"type-post","3":"status-publish","4":"format-standard","5":"has-post-thumbnail","7":"category-actualidad","8":"category-portada-actualidad","9":"category-portada-general-sitio"},"_links":{"self":[{"href":"https:\/\/jms.com.bo\/mediamonitorbo\/wp-json\/wp\/v2\/posts\/837","targetHints":{"allow":["GET"]}}],"collection":[{"href":"https:\/\/jms.com.bo\/mediamonitorbo\/wp-json\/wp\/v2\/posts"}],"about":[{"href":"https:\/\/jms.com.bo\/mediamonitorbo\/wp-json\/wp\/v2\/types\/post"}],"author":[{"embeddable":true,"href":"https:\/\/jms.com.bo\/mediamonitorbo\/wp-json\/wp\/v2\/users\/1"}],"replies":[{"embeddable":true,"href":"https:\/\/jms.com.bo\/mediamonitorbo\/wp-json\/wp\/v2\/comments?post=837"}],"version-history":[{"count":0,"href":"https:\/\/jms.com.bo\/mediamonitorbo\/wp-json\/wp\/v2\/posts\/837\/revisions"}],"wp:featuredmedia":[{"embeddable":true,"href":"https:\/\/jms.com.bo\/mediamonitorbo\/wp-json\/wp\/v2\/media\/838"}],"wp:attachment":[{"href":"https:\/\/jms.com.bo\/mediamonitorbo\/wp-json\/wp\/v2\/media?parent=837"}],"wp:term":[{"taxonomy":"category","embeddable":true,"href":"https:\/\/jms.com.bo\/mediamonitorbo\/wp-json\/wp\/v2\/categories?post=837"},{"taxonomy":"post_tag","embeddable":true,"href":"https:\/\/jms.com.bo\/mediamonitorbo\/wp-json\/wp\/v2\/tags?post=837"}],"curies":[{"name":"wp","href":"https:\/\/api.w.org\/{rel}","templated":true}]}}