{"id":887,"date":"2025-01-08T06:32:56","date_gmt":"2025-01-08T10:32:56","guid":{"rendered":"https:\/\/jms.com.bo\/mediamonitorbo\/2025\/01\/08\/prestatarios-se-suman-a-la-marcha-del-13-de-enero-contra-el-pge\/"},"modified":"2025-01-08T06:32:56","modified_gmt":"2025-01-08T10:32:56","slug":"prestatarios-se-suman-a-la-marcha-del-13-de-enero-contra-el-pge","status":"publish","type":"post","link":"https:\/\/jms.com.bo\/mediamonitorbo\/2025\/01\/08\/prestatarios-se-suman-a-la-marcha-del-13-de-enero-contra-el-pge\/","title":{"rendered":"Prestatarios se suman a la marcha del 13 de enero contra el PGE"},"content":{"rendered":"<p>Los prestatarios de Bolivia anunciaron que el sector se unir\u00e1 a la marcha nacional convocada para el pr\u00f3ximo 13 de enero en rechazo a la disposici\u00f3n s\u00e9ptima adicional del Presupuesto General del Estado (PGE) que autoriza el decomiso de productos y alimentos.<br \/>\nDe acuerdo con el sector, la medida profundizar\u00e1 la crisis econ\u00f3mica que atraviesa el pa\u00eds, debido a que es un desincentivo para el sector productor.<br \/>\nAdem\u00e1s, exigen el cierre definitivo de la Autoridad de Supervisi\u00f3n del Sistema Financiero (Asfi), acus\u00e1ndola de ser un defensor del sistema bancario en lugar de un regulador.<br \/>\nPrestatarios<br \/>\n\u201cQueremos que la Asfi, que deber\u00eda ser un ente regulador, sea cerrada. No trabaja a favor del pueblo, est\u00e1 del lado de los bancos\u201d, declar\u00f3 Maicol Chura, dirigente del sector.<br \/>\nPropuso que el control de las entidades financieras sea gestionado por organizaciones sociales provenientes de las bases.<br \/>\nLos prestatarios presentaron un conjunto de exigencias que incluyen un periodo de gracia de un a\u00f1o y medio ante la crisis econ\u00f3mica; la paralizaci\u00f3n de los procesos ejecutivos y coactivos de la banca; una condonaci\u00f3n de intereses y freno a los \u201chostigamientos de cobro\u201d; y un reconocimiento del seguro de desgravamen para prestatarios fallecidos o con discapacidad.<br \/>\nEl Gobierno aprob\u00f3 en octubre de 2024 el Decreto Supremo 5241, que permite la reprogramaci\u00f3n y refinanciamiento de cr\u00e9ditos. Sin embargo, los prestatarios rechazaron esta medida, argumentando que solo prolonga sus obligaciones sin solucionar la ra\u00edz del problema.<br \/>\n\u201cEs alargar nuestra agon\u00eda en una crisis econ\u00f3mica que afecta a todo el pa\u00eds\u201d, sostuvo Chura.<br \/>\nEl conflicto con el sistema financiero y las disposiciones del Presupuesto consolidan una alianza entre prestatarios, gremiales, transportistas y otros sectores que prometen una movilizaci\u00f3n masiva contra el Gobierno el pr\u00f3ximo lunes.<\/p>\n","protected":false},"excerpt":{"rendered":"<p>Los prestatarios de Bolivia anunciaron que el sector se unir\u00e1 a la marcha nacional convocada para el pr\u00f3ximo 13 de enero en rechazo a la disposici\u00f3n s\u00e9ptima adicional del Presupuesto General del Estado (PGE) que autoriza el decomiso de productos y alimentos. De acuerdo con el sector, la medida profundizar\u00e1 la crisis econ\u00f3mica que atraviesa [&hellip;]<\/p>\n","protected":false},"author":1,"featured_media":888,"comment_status":"","ping_status":"open","sticky":false,"template":"","format":"standard","meta":{"pagelayer_contact_templates":[],"_pagelayer_content":"","footnotes":""},"categories":[22],"tags":[],"class_list":{"0":"post-887","1":"post","2":"type-post","3":"status-publish","4":"format-standard","5":"has-post-thumbnail","7":"category-social"},"_links":{"self":[{"href":"https:\/\/jms.com.bo\/mediamonitorbo\/wp-json\/wp\/v2\/posts\/887","targetHints":{"allow":["GET"]}}],"collection":[{"href":"https:\/\/jms.com.bo\/mediamonitorbo\/wp-json\/wp\/v2\/posts"}],"about":[{"href":"https:\/\/jms.com.bo\/mediamonitorbo\/wp-json\/wp\/v2\/types\/post"}],"author":[{"embeddable":true,"href":"https:\/\/jms.com.bo\/mediamonitorbo\/wp-json\/wp\/v2\/users\/1"}],"replies":[{"embeddable":true,"href":"https:\/\/jms.com.bo\/mediamonitorbo\/wp-json\/wp\/v2\/comments?post=887"}],"version-history":[{"count":0,"href":"https:\/\/jms.com.bo\/mediamonitorbo\/wp-json\/wp\/v2\/posts\/887\/revisions"}],"wp:featuredmedia":[{"embeddable":true,"href":"https:\/\/jms.com.bo\/mediamonitorbo\/wp-json\/wp\/v2\/media\/888"}],"wp:attachment":[{"href":"https:\/\/jms.com.bo\/mediamonitorbo\/wp-json\/wp\/v2\/media?parent=887"}],"wp:term":[{"taxonomy":"category","embeddable":true,"href":"https:\/\/jms.com.bo\/mediamonitorbo\/wp-json\/wp\/v2\/categories?post=887"},{"taxonomy":"post_tag","embeddable":true,"href":"https:\/\/jms.com.bo\/mediamonitorbo\/wp-json\/wp\/v2\/tags?post=887"}],"curies":[{"name":"wp","href":"https:\/\/api.w.org\/{rel}","templated":true}]}}