{"id":901,"date":"2025-01-07T07:34:23","date_gmt":"2025-01-07T11:34:23","guid":{"rendered":"https:\/\/jms.com.bo\/mediamonitorbo\/2025\/01\/07\/designan-a-mario-puca-como-nuevo-director-de-la-autoridad-de-electricidad\/"},"modified":"2025-01-07T07:34:23","modified_gmt":"2025-01-07T11:34:23","slug":"designan-a-mario-puca-como-nuevo-director-de-la-autoridad-de-electricidad","status":"publish","type":"post","link":"https:\/\/jms.com.bo\/mediamonitorbo\/2025\/01\/07\/designan-a-mario-puca-como-nuevo-director-de-la-autoridad-de-electricidad\/","title":{"rendered":"Designan a Mario Puca como nuevo director de la Autoridad de Electricidad"},"content":{"rendered":"<p>Mario Antonio Puca Valenzuela fue posesionado la ma\u00f1ana de este lunes como el nuevo director ejecutivo de la Autoridad de Fiscalizaci\u00f3n de Electricidad y Tecnolog\u00eda Nuclear (AETN), dependiente del Ministerio de Hidrocarburos y Energ\u00edas.<br \/>\n\u201cEstamos tomando posesi\u00f3n del director de una entidad que es bastante importante, puesto que coloca todas las normas regulatorias, todo el control y toda la fiscalizaci\u00f3n de nuestro sector energ\u00e9tico y nuestra tecnolog\u00eda nuclear\u201d, inform\u00f3 el ministro de esa cartera de Estado, Alejandro Gallardo, en el acto de toma de juramento.<br \/>\nLa autoridad se\u00f1al\u00f3 que en la AETN se requiere que todos los procesos sean \u00e1giles y eficientes, para que permitan realizar las diferentes gestiones administrativas, t\u00e9cnicas, de fiscalizaci\u00f3n y jur\u00eddicas para implementar la misi\u00f3n de esa cartera de Estado.<br \/>\nPor su parte, el flamante director de la AETN expres\u00f3 su agradecimiento al presidente Luis Arce y al ministro por confiarle el cargo de esa instituci\u00f3n y manifest\u00f3 que lo asume con responsabilidad, transparencia y compromiso.<br \/>\n\u201cMi persona pondr\u00e1 todo el empe\u00f1o para cumplir todos los retos que han sido definidos en la planificaci\u00f3n del sector energ\u00e9tico, brindando un servicio de calidad, confiabilidad y precios equitativos para toda la sociedad\u201d, expres\u00f3 Puca.<br \/>\nSeg\u00fan datos del Ministerio de Hidrocarburos y Energ\u00edas, Mario Puca Valenzuela fue Viceministro de Electricidad y Energ\u00edas Alternativas, trabaj\u00f3 en la Autoridad de Fiscalizaci\u00f3n de Electricidad y Tecnolog\u00eda Nuclear, tambi\u00e9n ocup\u00f3 diversos cargos en el Servicio El\u00e9ctrico de Tarija.<\/p>\n","protected":false},"excerpt":{"rendered":"<p>Mario Antonio Puca Valenzuela fue posesionado la ma\u00f1ana de este lunes como el nuevo director ejecutivo de la Autoridad de Fiscalizaci\u00f3n de Electricidad y Tecnolog\u00eda Nuclear (AETN), dependiente del Ministerio de Hidrocarburos y Energ\u00edas. \u201cEstamos tomando posesi\u00f3n del director de una entidad que es bastante importante, puesto que coloca todas las normas regulatorias, todo el [&hellip;]<\/p>\n","protected":false},"author":1,"featured_media":902,"comment_status":"","ping_status":"open","sticky":false,"template":"","format":"standard","meta":{"pagelayer_contact_templates":[],"_pagelayer_content":"","footnotes":""},"categories":[18,28,24],"tags":[],"class_list":{"0":"post-901","1":"post","2":"type-post","3":"status-publish","4":"format-standard","5":"has-post-thumbnail","7":"category-energia","8":"category-portada-energia","9":"category-portada-general-sitio"},"_links":{"self":[{"href":"https:\/\/jms.com.bo\/mediamonitorbo\/wp-json\/wp\/v2\/posts\/901","targetHints":{"allow":["GET"]}}],"collection":[{"href":"https:\/\/jms.com.bo\/mediamonitorbo\/wp-json\/wp\/v2\/posts"}],"about":[{"href":"https:\/\/jms.com.bo\/mediamonitorbo\/wp-json\/wp\/v2\/types\/post"}],"author":[{"embeddable":true,"href":"https:\/\/jms.com.bo\/mediamonitorbo\/wp-json\/wp\/v2\/users\/1"}],"replies":[{"embeddable":true,"href":"https:\/\/jms.com.bo\/mediamonitorbo\/wp-json\/wp\/v2\/comments?post=901"}],"version-history":[{"count":0,"href":"https:\/\/jms.com.bo\/mediamonitorbo\/wp-json\/wp\/v2\/posts\/901\/revisions"}],"wp:featuredmedia":[{"embeddable":true,"href":"https:\/\/jms.com.bo\/mediamonitorbo\/wp-json\/wp\/v2\/media\/902"}],"wp:attachment":[{"href":"https:\/\/jms.com.bo\/mediamonitorbo\/wp-json\/wp\/v2\/media?parent=901"}],"wp:term":[{"taxonomy":"category","embeddable":true,"href":"https:\/\/jms.com.bo\/mediamonitorbo\/wp-json\/wp\/v2\/categories?post=901"},{"taxonomy":"post_tag","embeddable":true,"href":"https:\/\/jms.com.bo\/mediamonitorbo\/wp-json\/wp\/v2\/tags?post=901"}],"curies":[{"name":"wp","href":"https:\/\/api.w.org\/{rel}","templated":true}]}}