{"id":905,"date":"2025-01-07T07:26:27","date_gmt":"2025-01-07T11:26:27","guid":{"rendered":"https:\/\/jms.com.bo\/mediamonitorbo\/2025\/01\/07\/montenegro-anuncia-ajustes-al-modelo-economico-para-que-se-adapte-a-las-circunstancias\/"},"modified":"2025-01-07T07:26:27","modified_gmt":"2025-01-07T11:26:27","slug":"montenegro-anuncia-ajustes-al-modelo-economico-para-que-se-adapte-a-las-circunstancias","status":"publish","type":"post","link":"https:\/\/jms.com.bo\/mediamonitorbo\/2025\/01\/07\/montenegro-anuncia-ajustes-al-modelo-economico-para-que-se-adapte-a-las-circunstancias\/","title":{"rendered":"Montenegro anuncia \u201cajustes\u201d al modelo econ\u00f3mico para que se adapte a las circunstancias"},"content":{"rendered":"<p>El ministro de Econom\u00eda, Marcelo Montenegro, anunci\u00f3 que se har\u00e1n cambios al modelo econ\u00f3mico boliviano y que estos ser\u00e1n \u201cajustados\u201d a las circunstancias que atraviesa del pa\u00eds.<br \/>\n\u201cLo que ha se\u00f1alado nuestro presidente Luis Arce Catacora es que el modelo como tal va a ser ajustado, va a tener modificaciones que se van a adaptar a las circunstancias\u201d, sostuvo el ministro en entrevista con el canal estatal.<br \/>\nAgreg\u00f3 que los cambios que se prev\u00e9n al modelo no se quitar\u00e1n los pilares como la industrializaci\u00f3n, la nacionalizaci\u00f3n y tambi\u00e9n la redistribuci\u00f3n del ingreso.<br \/>\nDijo que estos pilares mantienen al pa\u00eds. \u201cEl modelo econ\u00f3mico preserva los recursos naturales para el pa\u00eds\u201d.<br \/>\nDicho anuncio se da en una situaci\u00f3n en que diferentes organizaciones se\u00f1alaron que el modelo econ\u00f3mico est\u00e1 agotado y obsoleto y que esto ocasion\u00f3 la crisis que atraviesa el pa\u00eds en cuanto a desabastecimiento de combustible y la escasez de d\u00f3lares.<br \/>\nSin embargo, Montenegro indic\u00f3 que esto puede cambiar por el contexto internacional que existe y que es a ello a que el modelo econ\u00f3mico debe ajustarse.<br \/>\n\u201cEso es lo que quiere el modelo econ\u00f3mico. Sin duda, nuestro ingreso al BRICS, al Mercosur, los elementos de econom\u00eda circular, cuidado el medio ambiente, hacen que sea necesario ajustes para que el modelo pueda dar respuestas a este nuevo entorno internacional\u201d, se\u00f1al\u00f3 el ministro.<br \/>\nAdem\u00e1s, apunt\u00f3 que otro de los cambios que podr\u00eda afectar a la econom\u00eda mundial es la asunci\u00f3n del nuevo gobernante de Estados Unidos que, en su opini\u00f3n, iniciar\u00e1 una guerra comercial con China.<br \/>\nAsimismo, el anuncio hecho por Montenegro se da luego de que el presidente Luis Arce mencionara que el modelo econ\u00f3mico ser\u00e1 adaptado y mejorado, pero no cambi\u00e1ndolo.<\/p>\n","protected":false},"excerpt":{"rendered":"<p>El ministro de Econom\u00eda, Marcelo Montenegro, anunci\u00f3 que se har\u00e1n cambios al modelo econ\u00f3mico boliviano y que estos ser\u00e1n \u201cajustados\u201d a las circunstancias que atraviesa del pa\u00eds. \u201cLo que ha se\u00f1alado nuestro presidente Luis Arce Catacora es que el modelo como tal va a ser ajustado, va a tener modificaciones que se van a adaptar [&hellip;]<\/p>\n","protected":false},"author":1,"featured_media":906,"comment_status":"","ping_status":"open","sticky":false,"template":"","format":"standard","meta":{"pagelayer_contact_templates":[],"_pagelayer_content":"","footnotes":""},"categories":[19,29,24],"tags":[],"class_list":{"0":"post-905","1":"post","2":"type-post","3":"status-publish","4":"format-standard","5":"has-post-thumbnail","7":"category-economia","8":"category-portada-economia","9":"category-portada-general-sitio"},"_links":{"self":[{"href":"https:\/\/jms.com.bo\/mediamonitorbo\/wp-json\/wp\/v2\/posts\/905","targetHints":{"allow":["GET"]}}],"collection":[{"href":"https:\/\/jms.com.bo\/mediamonitorbo\/wp-json\/wp\/v2\/posts"}],"about":[{"href":"https:\/\/jms.com.bo\/mediamonitorbo\/wp-json\/wp\/v2\/types\/post"}],"author":[{"embeddable":true,"href":"https:\/\/jms.com.bo\/mediamonitorbo\/wp-json\/wp\/v2\/users\/1"}],"replies":[{"embeddable":true,"href":"https:\/\/jms.com.bo\/mediamonitorbo\/wp-json\/wp\/v2\/comments?post=905"}],"version-history":[{"count":0,"href":"https:\/\/jms.com.bo\/mediamonitorbo\/wp-json\/wp\/v2\/posts\/905\/revisions"}],"wp:featuredmedia":[{"embeddable":true,"href":"https:\/\/jms.com.bo\/mediamonitorbo\/wp-json\/wp\/v2\/media\/906"}],"wp:attachment":[{"href":"https:\/\/jms.com.bo\/mediamonitorbo\/wp-json\/wp\/v2\/media?parent=905"}],"wp:term":[{"taxonomy":"category","embeddable":true,"href":"https:\/\/jms.com.bo\/mediamonitorbo\/wp-json\/wp\/v2\/categories?post=905"},{"taxonomy":"post_tag","embeddable":true,"href":"https:\/\/jms.com.bo\/mediamonitorbo\/wp-json\/wp\/v2\/tags?post=905"}],"curies":[{"name":"wp","href":"https:\/\/api.w.org\/{rel}","templated":true}]}}