{"id":907,"date":"2025-01-07T07:23:33","date_gmt":"2025-01-07T11:23:33","guid":{"rendered":"https:\/\/jms.com.bo\/mediamonitorbo\/2025\/01\/07\/complejo-siderurgico-del-mutun-sera-inaugurado-a-mas-tardar-este-mes-asegura-el-gobierno\/"},"modified":"2025-01-07T07:23:33","modified_gmt":"2025-01-07T11:23:33","slug":"complejo-siderurgico-del-mutun-sera-inaugurado-a-mas-tardar-este-mes-asegura-el-gobierno","status":"publish","type":"post","link":"https:\/\/jms.com.bo\/mediamonitorbo\/2025\/01\/07\/complejo-siderurgico-del-mutun-sera-inaugurado-a-mas-tardar-este-mes-asegura-el-gobierno\/","title":{"rendered":"Complejo Sider\u00fargico del Mut\u00fan ser\u00e1 inaugurado \u2018a m\u00e1s tardar\u2019 este mes, asegura el Gobierno"},"content":{"rendered":"<p>El Complejo Sider\u00fargico del Mut\u00fan, ubicado en Puerto Su\u00e1rez, Santa Cruz, se prepara para su inauguraci\u00f3n tras meses de postergaciones. El ministro de Miner\u00eda, Alejandro Santos, inform\u00f3 este lunes que el proyecto estar\u00e1 listo \u201cm\u00e1ximo hasta fin de mes\u201d y que el presidente Luis Arce anunciar\u00e1 la fecha oficial del acto.<br \/>\n\u201cCalculamos que nuestro Presidente estar\u00e1 inaugurando este gran proyecto antes de que termine enero. La fase de pruebas est\u00e1 avanzando en cinco de las siete plantas, incluida la de concentraci\u00f3n y peletizaci\u00f3n\u201d, explic\u00f3 Santos en conferencia de prensa.<br \/>\nMut\u00fan<br \/>\nEl complejo contin\u00faa en etapa de pruebas en varias de sus plantas. Entre estas se encuentra la de concentraci\u00f3n, actualmente prob\u00e1ndose con carga; la de peletizaci\u00f3n; y la de Reducci\u00f3n Directa del Hierro (DRI), que se estima estar\u00e1 completamente operativa en abril. La planta de laminaci\u00f3n tambi\u00e9n est\u00e1 siendo verificada con producci\u00f3n de fierros corrugados y alambrones.<br \/>\nOriginalmente, el complejo deb\u00eda entregarse el 24 de septiembre de 2024, coincidiendo con el aniversario de Santa Cruz. Sin embargo, los incendios forestales en la regi\u00f3n llevaron a postergar la inauguraci\u00f3n al 20 de diciembre, una fecha que tampoco se cumpli\u00f3, debido a que el Gobierno argument\u00f3 que centraba sus esfuerzos contra la especulaci\u00f3n de alimentos.<br \/>\nAntes de concluir 2024, el ministro de Econom\u00eda, Marcelo Montenegro, asegur\u00f3 que el proyecto estar\u00eda listo para febrero de 2025, mientras que, en noviembre, Jorge Alvarado, presidente de la Empresa Sider\u00fargica del Mut\u00fan (ESM), proyect\u00f3 que la planta alcanzar\u00eda su plena capacidad operativa en septiembre de 2025.<br \/>\nCon una inversi\u00f3n millonaria y un avance que supera el 94%, el Complejo Sider\u00fargico del Mut\u00fan es una de las obras m\u00e1s ambiciosas del pa\u00eds.<br \/>\nEl Gobierno lo considera un hito en su plan de industrializaci\u00f3n con miras al Bicentenario de Bolivia. La puesta en marcha de esta factor\u00eda busca transformar la producci\u00f3n de acero y fortalecer la econom\u00eda nacional.<\/p>\n","protected":false},"excerpt":{"rendered":"<p>El Complejo Sider\u00fargico del Mut\u00fan, ubicado en Puerto Su\u00e1rez, Santa Cruz, se prepara para su inauguraci\u00f3n tras meses de postergaciones. El ministro de Miner\u00eda, Alejandro Santos, inform\u00f3 este lunes que el proyecto estar\u00e1 listo \u201cm\u00e1ximo hasta fin de mes\u201d y que el presidente Luis Arce anunciar\u00e1 la fecha oficial del acto. \u201cCalculamos que nuestro Presidente [&hellip;]<\/p>\n","protected":false},"author":1,"featured_media":908,"comment_status":"","ping_status":"open","sticky":false,"template":"","format":"standard","meta":{"pagelayer_contact_templates":[],"_pagelayer_content":"","footnotes":""},"categories":[19],"tags":[],"class_list":{"0":"post-907","1":"post","2":"type-post","3":"status-publish","4":"format-standard","5":"has-post-thumbnail","7":"category-economia"},"_links":{"self":[{"href":"https:\/\/jms.com.bo\/mediamonitorbo\/wp-json\/wp\/v2\/posts\/907","targetHints":{"allow":["GET"]}}],"collection":[{"href":"https:\/\/jms.com.bo\/mediamonitorbo\/wp-json\/wp\/v2\/posts"}],"about":[{"href":"https:\/\/jms.com.bo\/mediamonitorbo\/wp-json\/wp\/v2\/types\/post"}],"author":[{"embeddable":true,"href":"https:\/\/jms.com.bo\/mediamonitorbo\/wp-json\/wp\/v2\/users\/1"}],"replies":[{"embeddable":true,"href":"https:\/\/jms.com.bo\/mediamonitorbo\/wp-json\/wp\/v2\/comments?post=907"}],"version-history":[{"count":0,"href":"https:\/\/jms.com.bo\/mediamonitorbo\/wp-json\/wp\/v2\/posts\/907\/revisions"}],"wp:featuredmedia":[{"embeddable":true,"href":"https:\/\/jms.com.bo\/mediamonitorbo\/wp-json\/wp\/v2\/media\/908"}],"wp:attachment":[{"href":"https:\/\/jms.com.bo\/mediamonitorbo\/wp-json\/wp\/v2\/media?parent=907"}],"wp:term":[{"taxonomy":"category","embeddable":true,"href":"https:\/\/jms.com.bo\/mediamonitorbo\/wp-json\/wp\/v2\/categories?post=907"},{"taxonomy":"post_tag","embeddable":true,"href":"https:\/\/jms.com.bo\/mediamonitorbo\/wp-json\/wp\/v2\/tags?post=907"}],"curies":[{"name":"wp","href":"https:\/\/api.w.org\/{rel}","templated":true}]}}