{"id":911,"date":"2025-01-07T07:20:03","date_gmt":"2025-01-07T11:20:03","guid":{"rendered":"https:\/\/jms.com.bo\/mediamonitorbo\/2025\/01\/07\/la-doble-via-sucre-yamparaez-presenta-avance-del-91-y-esta-cerca-de-ser-entregada\/"},"modified":"2025-01-07T07:20:03","modified_gmt":"2025-01-07T11:20:03","slug":"la-doble-via-sucre-yamparaez-presenta-avance-del-91-y-esta-cerca-de-ser-entregada","status":"publish","type":"post","link":"https:\/\/jms.com.bo\/mediamonitorbo\/2025\/01\/07\/la-doble-via-sucre-yamparaez-presenta-avance-del-91-y-esta-cerca-de-ser-entregada\/","title":{"rendered":"La doble v\u00eda Sucre\u2013Yamparaez presenta avance del 91% y est\u00e1 cerca de ser entregada"},"content":{"rendered":"<p>El presidente Luis Arce inform\u00f3 que la construcci\u00f3n de la doble v\u00eda Sucre\u2013Yamparaez, en el departamento de Chuquisaca, que requiri\u00f3 una inversi\u00f3n de Bs 470 millones, registra un avance f\u00edsico del 91% y financiero del 90%, proyect\u00e1ndose su entrega para el primer trimestre de 2025, a\u00f1o del Bicentenario.<br \/>\n\u201cCon una inversi\u00f3n que supera los 470,6 millones de bolivianos, esta doble v\u00eda fortalecer\u00e1 la integraci\u00f3n carretera en Chuquisaca, la producci\u00f3n y el comercio, conect\u00e1ndose a la Red Vial Fundamental del pa\u00eds\u201d, destac\u00f3 el mandatario en sus redes sociales.<br \/>\nV\u00eda<br \/>\nEl tramo, que tiene una longitud de 25,84 kil\u00f3metros, es considerado una de las v\u00edas m\u00e1s importantes de la regi\u00f3n. Est\u00e1 siendo construido con pavimento r\u00edgido e incluye infraestructuras clave como un viaducto de acceso al Aeropuerto de Alcantar\u00ed, una Estaci\u00f3n de Peaje y Pesaje, tres rotondas y nueve pasarelas.<br \/>\nEn el \u00e1rea urbana, la v\u00eda contar\u00e1 con seis carriles (tres de ida y tres de vuelta) y una jardinera central. En el tramo rural, tendr\u00e1 cuatro carriles (dos de ida y dos de vuelta) con un ancho de calzada de 3,50 metros por carril.<br \/>\nEl ministro de Obras P\u00fablicas, \u00c9dgar Monta\u00f1o, inform\u00f3 tambi\u00e9n que esta carretera es \u201c100% ecol\u00f3gica\u201d, debido a que se plantaron 8.000 plantines a lo largo del tramo.<br \/>\nDe acuerdo con el ministro, la obra estar\u00eda concluida para marzo en su totalidad, incluida la iluminaci\u00f3n.<br \/>\nArce enfatiz\u00f3 que la obra ser\u00e1 inaugurada como parte de las celebraciones del Bicentenario. \u201cMuy pronto inauguraremos esta significativa obra, que forma parte de nuestras pol\u00edticas de integraci\u00f3n e industrializaci\u00f3n con sustituci\u00f3n de importaciones\u201d, afirm\u00f3.<br \/>\nLa doble v\u00eda Sucre\u2013Yamparaez se perfila como un proyecto estrat\u00e9gico para mejorar la conectividad, potenciar la econom\u00eda local y promover el desarrollo regional en Chuquisaca.<\/p>\n","protected":false},"excerpt":{"rendered":"<p>El presidente Luis Arce inform\u00f3 que la construcci\u00f3n de la doble v\u00eda Sucre\u2013Yamparaez, en el departamento de Chuquisaca, que requiri\u00f3 una inversi\u00f3n de Bs 470 millones, registra un avance f\u00edsico del 91% y financiero del 90%, proyect\u00e1ndose su entrega para el primer trimestre de 2025, a\u00f1o del Bicentenario. \u201cCon una inversi\u00f3n que supera los 470,6 [&hellip;]<\/p>\n","protected":false},"author":1,"featured_media":912,"comment_status":"","ping_status":"open","sticky":false,"template":"","format":"standard","meta":{"pagelayer_contact_templates":[],"_pagelayer_content":"","footnotes":""},"categories":[19],"tags":[],"class_list":{"0":"post-911","1":"post","2":"type-post","3":"status-publish","4":"format-standard","5":"has-post-thumbnail","7":"category-economia"},"_links":{"self":[{"href":"https:\/\/jms.com.bo\/mediamonitorbo\/wp-json\/wp\/v2\/posts\/911","targetHints":{"allow":["GET"]}}],"collection":[{"href":"https:\/\/jms.com.bo\/mediamonitorbo\/wp-json\/wp\/v2\/posts"}],"about":[{"href":"https:\/\/jms.com.bo\/mediamonitorbo\/wp-json\/wp\/v2\/types\/post"}],"author":[{"embeddable":true,"href":"https:\/\/jms.com.bo\/mediamonitorbo\/wp-json\/wp\/v2\/users\/1"}],"replies":[{"embeddable":true,"href":"https:\/\/jms.com.bo\/mediamonitorbo\/wp-json\/wp\/v2\/comments?post=911"}],"version-history":[{"count":0,"href":"https:\/\/jms.com.bo\/mediamonitorbo\/wp-json\/wp\/v2\/posts\/911\/revisions"}],"wp:featuredmedia":[{"embeddable":true,"href":"https:\/\/jms.com.bo\/mediamonitorbo\/wp-json\/wp\/v2\/media\/912"}],"wp:attachment":[{"href":"https:\/\/jms.com.bo\/mediamonitorbo\/wp-json\/wp\/v2\/media?parent=911"}],"wp:term":[{"taxonomy":"category","embeddable":true,"href":"https:\/\/jms.com.bo\/mediamonitorbo\/wp-json\/wp\/v2\/categories?post=911"},{"taxonomy":"post_tag","embeddable":true,"href":"https:\/\/jms.com.bo\/mediamonitorbo\/wp-json\/wp\/v2\/tags?post=911"}],"curies":[{"name":"wp","href":"https:\/\/api.w.org\/{rel}","templated":true}]}}