{"id":913,"date":"2025-01-07T07:18:00","date_gmt":"2025-01-07T11:18:00","guid":{"rendered":"https:\/\/jms.com.bo\/mediamonitorbo\/2025\/01\/07\/tcp-abre-ano-judicial-con-autoprorrogados-y-el-ministro-de-justicia-sin-magistrados-electos\/"},"modified":"2025-01-07T07:18:00","modified_gmt":"2025-01-07T11:18:00","slug":"tcp-abre-ano-judicial-con-autoprorrogados-y-el-ministro-de-justicia-sin-magistrados-electos","status":"publish","type":"post","link":"https:\/\/jms.com.bo\/mediamonitorbo\/2025\/01\/07\/tcp-abre-ano-judicial-con-autoprorrogados-y-el-ministro-de-justicia-sin-magistrados-electos\/","title":{"rendered":"TCP abre a\u00f1o judicial con \u201cautoprorrogados\u201d y el Ministro de Justicia, sin magistrados electos"},"content":{"rendered":"<p>El Tribunal Constitucional Plurinacional (TCP) dio inicio al a\u00f1o judicial este lunes con autoridades \u201cautoprorrogadas\u201d, encabezadas por Gonzalo Hurtado, y con la presencia del ministro de Justicia, C\u00e9sar Siles. En la reuni\u00f3n no estuvieron los magistrados que resultaron electos en los comicios de 2024 y que fueron posesionados el 2 de enero.<br \/>\nSeg\u00fan reportes period\u00edsticos, en la primera reuni\u00f3n del TCP, Hurtado fue ratificado como presidente de esa instancia, por lo que se espera que est\u00e9 al mando de esa instituci\u00f3n por este a\u00f1o.<br \/>\nLos reportes tambi\u00e9n se\u00f1alan que esta inauguraci\u00f3n de actividades en el TCP fue realizada a puerta cerrada, pues incluso se hab\u00eda impedido el ingreso de periodistas.<br \/>\nLos magistrados del TCP fueron catalogados como \u201cautoprorrogados\u201d por legisladores evistas y de la oposici\u00f3n, pues ellos definieron a trav\u00e9s de fallos continuar en sus funciones, hasta que tengan sustitutos electos por voto popular, pese a que su gesti\u00f3n de seis a\u00f1os concluy\u00f3 el 31 de diciembre de 2023.<br \/>\nFueron estos magistrados \u201cautoprorrogados\u201d quienes ordenaron que las elecciones judiciales de 2024 sean parciales, puesto para, el caso del TCP, s\u00f3lo se eligieron a sus sustitutos en cuatro departamentos. En las restantes cinco regiones, las convocatorias fueron declaradas desiertas, por lo que ellos ratificaron que permanecer\u00e1n en sus cargos, hasta que se completen los comicios y tengan sus sucesores electos por voto popular.<br \/>\nLos cuatro magistrados que fueron electos para el TCP y que no participaron de la reuni\u00f3n de este lunes son: \u00c1ngel D\u00e1valos Rojas (Chuquisaca), Paola Prudencio Candia (Oruro), Amalia Laura Villca (Potos\u00ed) y Boris Arias L\u00f3pez (La Paz).<br \/>\nLo sucedido en la reuni\u00f3n del TCP fue lo contrario del Tribunal Supremo de Justicia (TSJ) instancia que realiz\u00f3 su Sala Plena este lunes con la presencia de siete magistrados electos y en ausencia de las dos autoridades \u201cprorrogadas\u201d, por disposici\u00f3n del TCP.<\/p>\n","protected":false},"excerpt":{"rendered":"<p>El Tribunal Constitucional Plurinacional (TCP) dio inicio al a\u00f1o judicial este lunes con autoridades \u201cautoprorrogadas\u201d, encabezadas por Gonzalo Hurtado, y con la presencia del ministro de Justicia, C\u00e9sar Siles. En la reuni\u00f3n no estuvieron los magistrados que resultaron electos en los comicios de 2024 y que fueron posesionados el 2 de enero. Seg\u00fan reportes period\u00edsticos, [&hellip;]<\/p>\n","protected":false},"author":1,"featured_media":914,"comment_status":"","ping_status":"open","sticky":false,"template":"","format":"standard","meta":{"pagelayer_contact_templates":[],"_pagelayer_content":"","footnotes":""},"categories":[20,24,30],"tags":[],"class_list":{"0":"post-913","1":"post","2":"type-post","3":"status-publish","4":"format-standard","5":"has-post-thumbnail","7":"category-politica","8":"category-portada-general-sitio","9":"category-portada-politica"},"_links":{"self":[{"href":"https:\/\/jms.com.bo\/mediamonitorbo\/wp-json\/wp\/v2\/posts\/913","targetHints":{"allow":["GET"]}}],"collection":[{"href":"https:\/\/jms.com.bo\/mediamonitorbo\/wp-json\/wp\/v2\/posts"}],"about":[{"href":"https:\/\/jms.com.bo\/mediamonitorbo\/wp-json\/wp\/v2\/types\/post"}],"author":[{"embeddable":true,"href":"https:\/\/jms.com.bo\/mediamonitorbo\/wp-json\/wp\/v2\/users\/1"}],"replies":[{"embeddable":true,"href":"https:\/\/jms.com.bo\/mediamonitorbo\/wp-json\/wp\/v2\/comments?post=913"}],"version-history":[{"count":0,"href":"https:\/\/jms.com.bo\/mediamonitorbo\/wp-json\/wp\/v2\/posts\/913\/revisions"}],"wp:featuredmedia":[{"embeddable":true,"href":"https:\/\/jms.com.bo\/mediamonitorbo\/wp-json\/wp\/v2\/media\/914"}],"wp:attachment":[{"href":"https:\/\/jms.com.bo\/mediamonitorbo\/wp-json\/wp\/v2\/media?parent=913"}],"wp:term":[{"taxonomy":"category","embeddable":true,"href":"https:\/\/jms.com.bo\/mediamonitorbo\/wp-json\/wp\/v2\/categories?post=913"},{"taxonomy":"post_tag","embeddable":true,"href":"https:\/\/jms.com.bo\/mediamonitorbo\/wp-json\/wp\/v2\/tags?post=913"}],"curies":[{"name":"wp","href":"https:\/\/api.w.org\/{rel}","templated":true}]}}