{"id":925,"date":"2025-01-07T07:07:12","date_gmt":"2025-01-07T11:07:12","guid":{"rendered":"https:\/\/jms.com.bo\/mediamonitorbo\/2025\/01\/07\/mas-sectores-se-suman-a-la-marcha-del-13-de-enero-contra-disposicion-del-pge\/"},"modified":"2025-01-07T07:07:12","modified_gmt":"2025-01-07T11:07:12","slug":"mas-sectores-se-suman-a-la-marcha-del-13-de-enero-contra-disposicion-del-pge","status":"publish","type":"post","link":"https:\/\/jms.com.bo\/mediamonitorbo\/2025\/01\/07\/mas-sectores-se-suman-a-la-marcha-del-13-de-enero-contra-disposicion-del-pge\/","title":{"rendered":"M\u00e1s sectores se suman a la marcha del 13 de enero contra disposici\u00f3n del PGE"},"content":{"rendered":"<p>La marcha programada para el 13 de enero en rechazo a la disposici\u00f3n adicional s\u00e9ptima del Presupuesto General del Estado (PGE) suma cada vez m\u00e1s sectores. To\u00f1o Si\u00f1ani, dirigente gremial y de la Central de Trabajadores de Bolivia (CTB), confirm\u00f3 que adem\u00e1s de los gremiales, se unir\u00e1n transportistas, panificadores y jubilados, entre otros.<br \/>\n\u201cEst\u00e1n los compa\u00f1eros del transporte pesado, panificadores que enfrentan problemas por el precio de la harina, y conamypes (peque\u00f1os y microempesarios), que han tenido que cerrar sus peque\u00f1as empresas\u201d, detall\u00f3 Si\u00f1ani.<br \/>\nPGE<br \/>\nEl dirigente se\u00f1al\u00f3 que la medida afecta directamente al bolsillo de los gremiales y cuestion\u00f3 que se busque decomisar alimentos a quienes trabajan en condiciones adversas.<br \/>\n\u201cNosotros pedimos la anulaci\u00f3n directa de esta disposici\u00f3n que atenta contra nuestra econom\u00eda. No es justo que el gobierno quiera incautar lo poco que ganamos en las calles bajo sol y lluvia\u201d, expres\u00f3.<br \/>\nAdem\u00e1s de la marcha del 13 de enero, se prev\u00e9 que el mi\u00e9rcoles se realice un ampliado nacional en Santa Cruz, con la participaci\u00f3n de sectores gremiales liderados por Jes\u00fas Cahuana, ejecutivo de la CTB.<br \/>\nSi\u00f1ani asegur\u00f3 que los movilizados no est\u00e1n cerrados al di\u00e1logo, pero exigen que las conversaciones sean lideradas por autoridades con capacidad de decisi\u00f3n.<br \/>\n\u201cQueremos di\u00e1logo, pero no con figuras que no representan a la poblaci\u00f3n, como la Central Obrera Boliviana (COB) o personas alineadas con el gobierno\u201d, se\u00f1al\u00f3.<br \/>\nLa marcha y las movilizaciones buscan presionar al Gobierno para que elimine la disposici\u00f3n adicional s\u00e9ptima del PGE, que seg\u00fan los sectores movilizados afecta de manera directa su econom\u00eda y actividad laboral.<br \/>\nUna facci\u00f3n de los gremiales, sin embargo, calific\u00f3 a la marcha como \u201cautoconvocada por fines pol\u00edticos\u201d, por lo que descart\u00f3 participar. El Gobierno, por su parte, insiste en que la disposici\u00f3n adicional s\u00e9ptima solo afectar\u00e1 a los especuladores y contrabandistas.<\/p>\n","protected":false},"excerpt":{"rendered":"<p>La marcha programada para el 13 de enero en rechazo a la disposici\u00f3n adicional s\u00e9ptima del Presupuesto General del Estado (PGE) suma cada vez m\u00e1s sectores. To\u00f1o Si\u00f1ani, dirigente gremial y de la Central de Trabajadores de Bolivia (CTB), confirm\u00f3 que adem\u00e1s de los gremiales, se unir\u00e1n transportistas, panificadores y jubilados, entre otros. \u201cEst\u00e1n los [&hellip;]<\/p>\n","protected":false},"author":1,"featured_media":926,"comment_status":"","ping_status":"open","sticky":false,"template":"","format":"standard","meta":{"pagelayer_contact_templates":[],"_pagelayer_content":"","footnotes":""},"categories":[22],"tags":[],"class_list":{"0":"post-925","1":"post","2":"type-post","3":"status-publish","4":"format-standard","5":"has-post-thumbnail","7":"category-social"},"_links":{"self":[{"href":"https:\/\/jms.com.bo\/mediamonitorbo\/wp-json\/wp\/v2\/posts\/925","targetHints":{"allow":["GET"]}}],"collection":[{"href":"https:\/\/jms.com.bo\/mediamonitorbo\/wp-json\/wp\/v2\/posts"}],"about":[{"href":"https:\/\/jms.com.bo\/mediamonitorbo\/wp-json\/wp\/v2\/types\/post"}],"author":[{"embeddable":true,"href":"https:\/\/jms.com.bo\/mediamonitorbo\/wp-json\/wp\/v2\/users\/1"}],"replies":[{"embeddable":true,"href":"https:\/\/jms.com.bo\/mediamonitorbo\/wp-json\/wp\/v2\/comments?post=925"}],"version-history":[{"count":0,"href":"https:\/\/jms.com.bo\/mediamonitorbo\/wp-json\/wp\/v2\/posts\/925\/revisions"}],"wp:featuredmedia":[{"embeddable":true,"href":"https:\/\/jms.com.bo\/mediamonitorbo\/wp-json\/wp\/v2\/media\/926"}],"wp:attachment":[{"href":"https:\/\/jms.com.bo\/mediamonitorbo\/wp-json\/wp\/v2\/media?parent=925"}],"wp:term":[{"taxonomy":"category","embeddable":true,"href":"https:\/\/jms.com.bo\/mediamonitorbo\/wp-json\/wp\/v2\/categories?post=925"},{"taxonomy":"post_tag","embeddable":true,"href":"https:\/\/jms.com.bo\/mediamonitorbo\/wp-json\/wp\/v2\/tags?post=925"}],"curies":[{"name":"wp","href":"https:\/\/api.w.org\/{rel}","templated":true}]}}