{"id":931,"date":"2025-01-07T06:49:57","date_gmt":"2025-01-07T10:49:57","guid":{"rendered":"https:\/\/jms.com.bo\/mediamonitorbo\/2025\/01\/07\/arce-anuncia-la-conclusion-de-otra-industria-el-centro-de-produccion-de-semilla-de-papa\/"},"modified":"2025-01-07T06:49:57","modified_gmt":"2025-01-07T10:49:57","slug":"arce-anuncia-la-conclusion-de-otra-industria-el-centro-de-produccion-de-semilla-de-papa","status":"publish","type":"post","link":"https:\/\/jms.com.bo\/mediamonitorbo\/2025\/01\/07\/arce-anuncia-la-conclusion-de-otra-industria-el-centro-de-produccion-de-semilla-de-papa\/","title":{"rendered":"Arce anuncia la conclusi\u00f3n de otra industria; el centro de producci\u00f3n de semilla de papa"},"content":{"rendered":"<p>La industrializaci\u00f3n en Bolivia sigue avanzando. El presidente Luis Arce anunci\u00f3 la conclusi\u00f3n del centro de producci\u00f3n de semilla de papa en el municipio de Villa Charcas, Chuquisaca. La obra, que requiri\u00f3 una inversi\u00f3n de casi Bs 3 millones, est\u00e1 lista a nivel f\u00edsico y financiero y tiene como objetivo fortalecer la producci\u00f3n agr\u00edcola en la regi\u00f3n.<br \/>\n\u00abEste proyecto responde a una necesidad esencial en Chuquisaca. Nos permitir\u00e1 implementar un laboratorio para producir semilla de papa, mejorando los rendimientos y la calidad de este producto tan importante para la alimentaci\u00f3n de nuestra poblaci\u00f3n\u00bb, destac\u00f3 Arce en sus redes sociales.<br \/>\nCentro de producci\u00f3n<br \/>\nEl centro contar\u00e1 con infraestructura y equipamiento para desarrollar semillas de papa en categor\u00edas iniciales e intermedias, garantizando una cadena productiva m\u00e1s eficiente y sostenible.<br \/>\nEste avance es parte de una pol\u00edtica gubernamental enfocada en la industrializaci\u00f3n con sustituci\u00f3n de importaciones, buscando que los productos agr\u00edcolas del pa\u00eds tengan mayor valor agregado.<br \/>\nEl anuncio del centro en Villa Charcas complementa otras obras impulsadas por el Gobierno para la industrializaci\u00f3n del pa\u00eds. Se prev\u00e9 que una buena cantidad de factor\u00edas se entreguen este a\u00f1o, por el Bicentenario.<br \/>\nIndustrializaci\u00f3n<br \/>\nDe acuerdo con Arce, son 140 industrias que el Gobierno est\u00e1 implementando y desarrollando a lo largo del territorio nacional, para aprovechar la capacidad de producci\u00f3n de cada regi\u00f3n.<br \/>\nCon proyectos como el centro de producci\u00f3n de semilla de papa, el Gobierno busca reducir la dependencia de semillas importadas y mejorar la competitividad del sector agr\u00edcola.<br \/>\nSeg\u00fan el mandatario, esta infraestructura beneficiar\u00e1 directamente a los productores de Chuquisaca, uno de los departamentos m\u00e1s relevantes en la producci\u00f3n de papa en Bolivia.<br \/>\n\u201cLa industrializaci\u00f3n no tiene marcha atr\u00e1s\u201d, reiter\u00f3 Arce, reafirmando el compromiso del Gobierno con el desarrollo productivo y econ\u00f3mico del pa\u00eds.<\/p>\n","protected":false},"excerpt":{"rendered":"<p>La industrializaci\u00f3n en Bolivia sigue avanzando. El presidente Luis Arce anunci\u00f3 la conclusi\u00f3n del centro de producci\u00f3n de semilla de papa en el municipio de Villa Charcas, Chuquisaca. La obra, que requiri\u00f3 una inversi\u00f3n de casi Bs 3 millones, est\u00e1 lista a nivel f\u00edsico y financiero y tiene como objetivo fortalecer la producci\u00f3n agr\u00edcola en [&hellip;]<\/p>\n","protected":false},"author":1,"featured_media":932,"comment_status":"","ping_status":"open","sticky":false,"template":"","format":"standard","meta":{"pagelayer_contact_templates":[],"_pagelayer_content":"","footnotes":""},"categories":[26],"tags":[],"class_list":{"0":"post-931","1":"post","2":"type-post","3":"status-publish","4":"format-standard","5":"has-post-thumbnail","7":"category-alimentos-y-agroindustria"},"_links":{"self":[{"href":"https:\/\/jms.com.bo\/mediamonitorbo\/wp-json\/wp\/v2\/posts\/931","targetHints":{"allow":["GET"]}}],"collection":[{"href":"https:\/\/jms.com.bo\/mediamonitorbo\/wp-json\/wp\/v2\/posts"}],"about":[{"href":"https:\/\/jms.com.bo\/mediamonitorbo\/wp-json\/wp\/v2\/types\/post"}],"author":[{"embeddable":true,"href":"https:\/\/jms.com.bo\/mediamonitorbo\/wp-json\/wp\/v2\/users\/1"}],"replies":[{"embeddable":true,"href":"https:\/\/jms.com.bo\/mediamonitorbo\/wp-json\/wp\/v2\/comments?post=931"}],"version-history":[{"count":0,"href":"https:\/\/jms.com.bo\/mediamonitorbo\/wp-json\/wp\/v2\/posts\/931\/revisions"}],"wp:featuredmedia":[{"embeddable":true,"href":"https:\/\/jms.com.bo\/mediamonitorbo\/wp-json\/wp\/v2\/media\/932"}],"wp:attachment":[{"href":"https:\/\/jms.com.bo\/mediamonitorbo\/wp-json\/wp\/v2\/media?parent=931"}],"wp:term":[{"taxonomy":"category","embeddable":true,"href":"https:\/\/jms.com.bo\/mediamonitorbo\/wp-json\/wp\/v2\/categories?post=931"},{"taxonomy":"post_tag","embeddable":true,"href":"https:\/\/jms.com.bo\/mediamonitorbo\/wp-json\/wp\/v2\/tags?post=931"}],"curies":[{"name":"wp","href":"https:\/\/api.w.org\/{rel}","templated":true}]}}