{"id":957,"date":"2025-01-06T06:44:33","date_gmt":"2025-01-06T10:44:33","guid":{"rendered":"https:\/\/jms.com.bo\/mediamonitorbo\/2025\/01\/06\/manfred-es-proclamado-candidato-presidencial-niega-alianza-con-el-mas-y-dice-que-es-el-unico-opositor\/"},"modified":"2025-01-06T06:44:33","modified_gmt":"2025-01-06T10:44:33","slug":"manfred-es-proclamado-candidato-presidencial-niega-alianza-con-el-mas-y-dice-que-es-el-unico-opositor","status":"publish","type":"post","link":"https:\/\/jms.com.bo\/mediamonitorbo\/2025\/01\/06\/manfred-es-proclamado-candidato-presidencial-niega-alianza-con-el-mas-y-dice-que-es-el-unico-opositor\/","title":{"rendered":"Manfred es proclamado candidato presidencial; niega alianza con el MAS y dice que es el \u201c\u00fanico opositor\u201d"},"content":{"rendered":"<p>En medio de una tarde fr\u00eda y lluviosa, el alcalde de Cochabamba Manfred Reyes Villa fue proclamado como candidato presidencial, para participar en los comicios generales previstos para el 10 de agosto de este 2025.<br \/>\nEl acto de proclamaci\u00f3n tuvo lugar en el estadio F\u00e9lix Capriles de la ciudad de Cochabamba, a donde acudieron delegaciones de las provincias y diferentes ciudades del pa\u00eds.<br \/>\n\u201cAquellos detractores que me hacen como si fuera aliado del MAS, si he estado 11 a\u00f1os fuera del pa\u00eds\u2026 yo soy el \u00fanico de la oposici\u00f3n del pa\u00eds, el resto ha convivido con ellos, esos 11 a\u00f1os, nos han asfixiado\u201d, afirm\u00f3 en su discurso que dur\u00f3 cerca de 20 minutos.<br \/>\nL\u00edderes de la oposici\u00f3n sostuvieron en las semanas recientes que Reyes Villa es un aliado del presidente Luis Arce.<br \/>\nReyes Villa afirm\u00f3 que \u00e9l puede cambiar la historia de Bolivia, con una administraci\u00f3n que cambie el actual modelo econ\u00f3mico que ya est\u00e1 \u201cagotado\u201d y mantiene a Bolivia \u201cagonizando, en terapia intensiva\u201d.<br \/>\nAl citar algunos ejes de su plan de trabajo, se\u00f1al\u00f3 que reducir\u00e1 a 12 los ministerios en el \u00d3rgano Ejecutivo, de los cuales dos ser\u00e1n de econom\u00eda, uno destinado exclusivamente a otorgar el plan \u201cSemilla\u201d, para otorgar cr\u00e9ditos al sector productivo.<br \/>\nOtro aspecto que resalt\u00f3 es que insistir\u00e1 en que Bolivia sea parte del corredor bioce\u00e1nico, a trav\u00e9s del respeto a las leyes y a evitar que haya bloqueos que perjudiquen el comercio de otros pa\u00edses.<br \/>\nTambi\u00e9n anunci\u00f3 que pedir\u00e1 a los embajadores de Bolivia que no s\u00f3lo se dediquen a la parte social en los pa\u00edses de destino, sino que abran mercados para la producci\u00f3n nacional.<br \/>\nReyes Villa obtuvo a fines del mes pasado la personer\u00eda jur\u00eddica de S\u00famate en el \u00e1mbito nacional, para participar en las elecciones generales por ese frente pol\u00edtico.<br \/>\nLa autoridad edil tambi\u00e9n anunci\u00f3 que pedir\u00e1 licencia de la Alcald\u00eda de Cochabamba, para dedicarse a la campa\u00f1a pol\u00edtica para las elecciones generales.<\/p>\n","protected":false},"excerpt":{"rendered":"<p>En medio de una tarde fr\u00eda y lluviosa, el alcalde de Cochabamba Manfred Reyes Villa fue proclamado como candidato presidencial, para participar en los comicios generales previstos para el 10 de agosto de este 2025. El acto de proclamaci\u00f3n tuvo lugar en el estadio F\u00e9lix Capriles de la ciudad de Cochabamba, a donde acudieron delegaciones [&hellip;]<\/p>\n","protected":false},"author":1,"featured_media":958,"comment_status":"","ping_status":"open","sticky":false,"template":"","format":"standard","meta":{"pagelayer_contact_templates":[],"_pagelayer_content":"","footnotes":""},"categories":[20,24,30],"tags":[],"class_list":{"0":"post-957","1":"post","2":"type-post","3":"status-publish","4":"format-standard","5":"has-post-thumbnail","7":"category-politica","8":"category-portada-general-sitio","9":"category-portada-politica"},"_links":{"self":[{"href":"https:\/\/jms.com.bo\/mediamonitorbo\/wp-json\/wp\/v2\/posts\/957","targetHints":{"allow":["GET"]}}],"collection":[{"href":"https:\/\/jms.com.bo\/mediamonitorbo\/wp-json\/wp\/v2\/posts"}],"about":[{"href":"https:\/\/jms.com.bo\/mediamonitorbo\/wp-json\/wp\/v2\/types\/post"}],"author":[{"embeddable":true,"href":"https:\/\/jms.com.bo\/mediamonitorbo\/wp-json\/wp\/v2\/users\/1"}],"replies":[{"embeddable":true,"href":"https:\/\/jms.com.bo\/mediamonitorbo\/wp-json\/wp\/v2\/comments?post=957"}],"version-history":[{"count":0,"href":"https:\/\/jms.com.bo\/mediamonitorbo\/wp-json\/wp\/v2\/posts\/957\/revisions"}],"wp:featuredmedia":[{"embeddable":true,"href":"https:\/\/jms.com.bo\/mediamonitorbo\/wp-json\/wp\/v2\/media\/958"}],"wp:attachment":[{"href":"https:\/\/jms.com.bo\/mediamonitorbo\/wp-json\/wp\/v2\/media?parent=957"}],"wp:term":[{"taxonomy":"category","embeddable":true,"href":"https:\/\/jms.com.bo\/mediamonitorbo\/wp-json\/wp\/v2\/categories?post=957"},{"taxonomy":"post_tag","embeddable":true,"href":"https:\/\/jms.com.bo\/mediamonitorbo\/wp-json\/wp\/v2\/tags?post=957"}],"curies":[{"name":"wp","href":"https:\/\/api.w.org\/{rel}","templated":true}]}}