{"id":961,"date":"2025-01-06T06:41:00","date_gmt":"2025-01-06T10:41:00","guid":{"rendered":"https:\/\/jms.com.bo\/mediamonitorbo\/2025\/01\/06\/este-lunes-en-sucre-se-realiza-el-primer-acto-civico-del-bicentenario-se-espera-al-presidente-y-700-autoridades\/"},"modified":"2025-01-06T06:41:00","modified_gmt":"2025-01-06T10:41:00","slug":"este-lunes-en-sucre-se-realiza-el-primer-acto-civico-del-bicentenario-se-espera-al-presidente-y-700-autoridades","status":"publish","type":"post","link":"https:\/\/jms.com.bo\/mediamonitorbo\/2025\/01\/06\/este-lunes-en-sucre-se-realiza-el-primer-acto-civico-del-bicentenario-se-espera-al-presidente-y-700-autoridades\/","title":{"rendered":"Este lunes, en Sucre se realiza el primer acto c\u00edvico del Bicentenario, se espera al Presidente y 700 autoridades"},"content":{"rendered":"<p>Este lunes 6 de enero, Sucre ser\u00e1 sede del primer acto c\u00edvico de reivindicaci\u00f3n de los s\u00edmbolos patrios por el Bicentenario de Bolivia. El alcalde de esa ciudad, Enrique Lea\u00f1o, confirm\u00f3 la asistencia del presidente Luis Arce y de unas 700 autoridades locales, regionales y nacionales.<br \/>\n\u201cContaremos con cerca de 700 autoridades, algunas que ya han llegado, otras que llegan en el d\u00eda y otras que llegar\u00e1n en la madrugada para participar en este acto protocolar tan importante, de reivindicaci\u00f3n a nuestros s\u00edmbolos patrios. Es una actividad c\u00edvica, no puede faltar la presencia de nuestro Presidente y de ministros, entre otras autoridades\u201d, afirm\u00f3 Lea\u00f1o.<br \/>\nLa autoridad edil indic\u00f3 que este lunes se realizar\u00e1 el acto de reivindicaci\u00f3n a los s\u00edmbolos patrios como el Himno Nacional y las banderas.<br \/>\nSe\u00f1al\u00f3 que el acto de ma\u00f1ana es particular porque se trata del primer acto que se desarrollar\u00e1 en el primer lunes del Bicentenario.<br \/>\nExplic\u00f3 que desde hace tres a\u00f1os atr\u00e1s se realizan estos actos c\u00edvicos durante los primeros lunes de mes, como acciones de compromiso patri\u00f3tico con el pa\u00eds.<br \/>\nPor ejemplo, el alcalde de La Paz, Iv\u00e1n Arias, confirm\u00f3 su asistencia a este acto c\u00edvico en Sucre. \u201cEstar\u00e9 presente, llegar\u00e9 a Sucre a las seis de la ma\u00f1ana porque a las siete son los actos y luego estar\u00e9 volviendo, tambi\u00e9n por tierra, pero no es un sacrificio, creo que todo sacrificio vale por la unidad que debemos tener todos los bolivianos\u201d, declar\u00f3, seg\u00fan un reporte edil.<br \/>\nArias record\u00f3 tambi\u00e9n que la Alcald\u00eda cuenta con un logo a prop\u00f3sito del Bicentenario. \u201cQuiere decir que La Paz est\u00e1 en el Bicentenario y queremos doscientos a\u00f1os m\u00e1s que sean de paz, que no haya guerra, que no haya odio, que no haya confrontaci\u00f3n\u201d, enfatiz\u00f3.<br \/>\nEl acto de este lunes se llevar\u00e1 adelante en el frontis de la Casa de la Libertad y la administraci\u00f3n municipal de Sucre ser\u00e1 la anfitriona.<\/p>\n","protected":false},"excerpt":{"rendered":"<p>Este lunes 6 de enero, Sucre ser\u00e1 sede del primer acto c\u00edvico de reivindicaci\u00f3n de los s\u00edmbolos patrios por el Bicentenario de Bolivia. El alcalde de esa ciudad, Enrique Lea\u00f1o, confirm\u00f3 la asistencia del presidente Luis Arce y de unas 700 autoridades locales, regionales y nacionales. \u201cContaremos con cerca de 700 autoridades, algunas que ya [&hellip;]<\/p>\n","protected":false},"author":1,"featured_media":962,"comment_status":"","ping_status":"open","sticky":false,"template":"","format":"standard","meta":{"pagelayer_contact_templates":[],"_pagelayer_content":"","footnotes":""},"categories":[20],"tags":[],"class_list":{"0":"post-961","1":"post","2":"type-post","3":"status-publish","4":"format-standard","5":"has-post-thumbnail","7":"category-politica"},"_links":{"self":[{"href":"https:\/\/jms.com.bo\/mediamonitorbo\/wp-json\/wp\/v2\/posts\/961","targetHints":{"allow":["GET"]}}],"collection":[{"href":"https:\/\/jms.com.bo\/mediamonitorbo\/wp-json\/wp\/v2\/posts"}],"about":[{"href":"https:\/\/jms.com.bo\/mediamonitorbo\/wp-json\/wp\/v2\/types\/post"}],"author":[{"embeddable":true,"href":"https:\/\/jms.com.bo\/mediamonitorbo\/wp-json\/wp\/v2\/users\/1"}],"replies":[{"embeddable":true,"href":"https:\/\/jms.com.bo\/mediamonitorbo\/wp-json\/wp\/v2\/comments?post=961"}],"version-history":[{"count":0,"href":"https:\/\/jms.com.bo\/mediamonitorbo\/wp-json\/wp\/v2\/posts\/961\/revisions"}],"wp:featuredmedia":[{"embeddable":true,"href":"https:\/\/jms.com.bo\/mediamonitorbo\/wp-json\/wp\/v2\/media\/962"}],"wp:attachment":[{"href":"https:\/\/jms.com.bo\/mediamonitorbo\/wp-json\/wp\/v2\/media?parent=961"}],"wp:term":[{"taxonomy":"category","embeddable":true,"href":"https:\/\/jms.com.bo\/mediamonitorbo\/wp-json\/wp\/v2\/categories?post=961"},{"taxonomy":"post_tag","embeddable":true,"href":"https:\/\/jms.com.bo\/mediamonitorbo\/wp-json\/wp\/v2\/tags?post=961"}],"curies":[{"name":"wp","href":"https:\/\/api.w.org\/{rel}","templated":true}]}}