{"id":963,"date":"2025-01-06T06:39:14","date_gmt":"2025-01-06T10:39:14","guid":{"rendered":"https:\/\/jms.com.bo\/mediamonitorbo\/2025\/01\/06\/santa-cruz-reporta-el-primer-fallecido-por-covid-19-en-2025\/"},"modified":"2025-01-06T06:39:14","modified_gmt":"2025-01-06T10:39:14","slug":"santa-cruz-reporta-el-primer-fallecido-por-covid-19-en-2025","status":"publish","type":"post","link":"https:\/\/jms.com.bo\/mediamonitorbo\/2025\/01\/06\/santa-cruz-reporta-el-primer-fallecido-por-covid-19-en-2025\/","title":{"rendered":"Santa Cruz reporta el primer fallecido por Covid-19 en 2025"},"content":{"rendered":"<p>El Servicio Departamental de Salud (Sedes) de Santa Cruz confirm\u00f3 este domingo el primer fallecido por Covid-19 en este 2025, seg\u00fan inform\u00f3 el director de la instituci\u00f3n, Jaime Bilbao.<br \/>\nLa primera v\u00edctima de la enfermedad ten\u00eda 80 a\u00f1os, estaba internada en un hospital de la ciudad de Santa Cruz.<br \/>\nBilbao dijo que la situaci\u00f3n es preocupante y que esto viene con el aumento de casos de pacientes que hasta la fecha llega a 300, y que de los cuales 11 est\u00e1n internados.<br \/>\nAgreg\u00f3 que las personas contagiadas no cuentan con las vacunas correspondientes.<br \/>\nEl pasado jueves, el Sedes report\u00f3 290 nuevos casos y que hasta el s\u00e1bado subieron a 300.<br \/>\n\u201cEstamos en la semana epidemiol\u00f3gica 52 y, \u00faltimamente, nos encontramos con un ascenso abrupto de casos Covid, tenemos 290; cerrando la gesti\u00f3n con 16.998 positivos de Covid-19\u201d, dijo Bilbao el jueves.<\/p>\n","protected":false},"excerpt":{"rendered":"<p>El Servicio Departamental de Salud (Sedes) de Santa Cruz confirm\u00f3 este domingo el primer fallecido por Covid-19 en este 2025, seg\u00fan inform\u00f3 el director de la instituci\u00f3n, Jaime Bilbao. La primera v\u00edctima de la enfermedad ten\u00eda 80 a\u00f1os, estaba internada en un hospital de la ciudad de Santa Cruz. Bilbao dijo que la situaci\u00f3n es [&hellip;]<\/p>\n","protected":false},"author":1,"featured_media":964,"comment_status":"","ping_status":"open","sticky":false,"template":"","format":"standard","meta":{"pagelayer_contact_templates":[],"_pagelayer_content":"","footnotes":""},"categories":[21,31,24],"tags":[],"class_list":{"0":"post-963","1":"post","2":"type-post","3":"status-publish","4":"format-standard","5":"has-post-thumbnail","7":"category-actualidad","8":"category-portada-actualidad","9":"category-portada-general-sitio"},"_links":{"self":[{"href":"https:\/\/jms.com.bo\/mediamonitorbo\/wp-json\/wp\/v2\/posts\/963","targetHints":{"allow":["GET"]}}],"collection":[{"href":"https:\/\/jms.com.bo\/mediamonitorbo\/wp-json\/wp\/v2\/posts"}],"about":[{"href":"https:\/\/jms.com.bo\/mediamonitorbo\/wp-json\/wp\/v2\/types\/post"}],"author":[{"embeddable":true,"href":"https:\/\/jms.com.bo\/mediamonitorbo\/wp-json\/wp\/v2\/users\/1"}],"replies":[{"embeddable":true,"href":"https:\/\/jms.com.bo\/mediamonitorbo\/wp-json\/wp\/v2\/comments?post=963"}],"version-history":[{"count":0,"href":"https:\/\/jms.com.bo\/mediamonitorbo\/wp-json\/wp\/v2\/posts\/963\/revisions"}],"wp:featuredmedia":[{"embeddable":true,"href":"https:\/\/jms.com.bo\/mediamonitorbo\/wp-json\/wp\/v2\/media\/964"}],"wp:attachment":[{"href":"https:\/\/jms.com.bo\/mediamonitorbo\/wp-json\/wp\/v2\/media?parent=963"}],"wp:term":[{"taxonomy":"category","embeddable":true,"href":"https:\/\/jms.com.bo\/mediamonitorbo\/wp-json\/wp\/v2\/categories?post=963"},{"taxonomy":"post_tag","embeddable":true,"href":"https:\/\/jms.com.bo\/mediamonitorbo\/wp-json\/wp\/v2\/tags?post=963"}],"curies":[{"name":"wp","href":"https:\/\/api.w.org\/{rel}","templated":true}]}}