{"id":969,"date":"2025-01-06T06:32:02","date_gmt":"2025-01-06T10:32:02","guid":{"rendered":"https:\/\/jms.com.bo\/mediamonitorbo\/2025\/01\/06\/al-menos-cinco-sectores-se-sumaran-a-la-marcha-de-los-gremiales-del-13-de-enero\/"},"modified":"2025-01-06T06:32:02","modified_gmt":"2025-01-06T10:32:02","slug":"al-menos-cinco-sectores-se-sumaran-a-la-marcha-de-los-gremiales-del-13-de-enero","status":"publish","type":"post","link":"https:\/\/jms.com.bo\/mediamonitorbo\/2025\/01\/06\/al-menos-cinco-sectores-se-sumaran-a-la-marcha-de-los-gremiales-del-13-de-enero\/","title":{"rendered":"Al menos cinco sectores se sumar\u00e1n a la marcha de los gremiales del 13 de enero"},"content":{"rendered":"<p>El dirigente de la Central de Trabajadores de Bolivia (CTB) y del sector gremial, To\u00f1o Si\u00f1ani, anunci\u00f3 que al menos cinco sectores se sumar\u00e1n a la marcha gremialista que est\u00e1 prevista para este 13 de enero en rechazo a la disposici\u00f3n adicional s\u00e9ptima del Presupuesto General del Estado que establece decomiso de alimentos.<br \/>\n\u201cEst\u00e1n los compa\u00f1eros de transporte pesado porque est\u00e1n haciendo filas para conseguir di\u00e9sel y gasolina, panificadores que realmente dicen que ya van a subir a 70 centavos porque el gobierno no le est\u00e1 garantizando el tema de la harina; Conamipes que han cerrado sus mini empresas y est\u00e1n en la calle\u201d, indic\u00f3 el dirigente y se\u00f1al\u00f3 que son m\u00e1s sectores.<br \/>\nAgreg\u00f3 que los sectores de Adepcoca y el Consejo de Federaciones Campesinas de los Yungas (Cofecay) y otras organizaciones parte de la Centra de Trabajadores de Bolivia tambi\u00e9n se sumar\u00e1n a las movilizaciones de 13 de este mes.<br \/>\nSe\u00f1al\u00f3 que el pedido de su sector es que el Gobierno anule de manera directa la disposici\u00f3n s\u00e9ptima del PGE porque afecta a los sectores comerciantes.<br \/>\n\u201cLo que estamos pidiendo es la anulaci\u00f3n directa, porque nos afecta y atenta contra el bolsillo del compa\u00f1ero gremial, yo le pregunto al se\u00f1or viceministro, \u00e9l no trabaja, est\u00e1 detr\u00e1s de un escritorio, pero el gremial para conseguir 10, 20, 30 pesos, 100, 200 bolivianos, tenemos que estar en las calles en sol, en lluvia y dem\u00e1s, que nos vengan a quitar, nos vengan a incautar, no es justo, por eso nosotros estamos pidiendo el retiro definitivo de lo adicional que ha puesto del s\u00e9ptimo de la PGE\u201d, manifest\u00f3.<br \/>\nMencion\u00f3 que est\u00e1n predispuestos a ir a un di\u00e1logo con las autoridades que tengan poder de decisi\u00f3n en los temas que conciernen a su sector.<br \/>\n\u201cSi el se\u00f1or ministro nos env\u00eda la carta a la Central de Trabajadores de Bolivia podemos asistir. No estamos cerrados a lo que nos puedan invitar, pero queremos que lo haga formalmente, no hablar que podamos invitar y despu\u00e9s vayan los vendidos al gobierno como la Central Obrera Boliviana, como Marcelo Mayta, que no se presenta al pueblo boliviano en general\u201d, se\u00f1al\u00f3.<\/p>\n","protected":false},"excerpt":{"rendered":"<p>El dirigente de la Central de Trabajadores de Bolivia (CTB) y del sector gremial, To\u00f1o Si\u00f1ani, anunci\u00f3 que al menos cinco sectores se sumar\u00e1n a la marcha gremialista que est\u00e1 prevista para este 13 de enero en rechazo a la disposici\u00f3n adicional s\u00e9ptima del Presupuesto General del Estado que establece decomiso de alimentos. \u201cEst\u00e1n los [&hellip;]<\/p>\n","protected":false},"author":1,"featured_media":970,"comment_status":"","ping_status":"open","sticky":false,"template":"","format":"standard","meta":{"pagelayer_contact_templates":[],"_pagelayer_content":"","footnotes":""},"categories":[22],"tags":[],"class_list":{"0":"post-969","1":"post","2":"type-post","3":"status-publish","4":"format-standard","5":"has-post-thumbnail","7":"category-social"},"_links":{"self":[{"href":"https:\/\/jms.com.bo\/mediamonitorbo\/wp-json\/wp\/v2\/posts\/969","targetHints":{"allow":["GET"]}}],"collection":[{"href":"https:\/\/jms.com.bo\/mediamonitorbo\/wp-json\/wp\/v2\/posts"}],"about":[{"href":"https:\/\/jms.com.bo\/mediamonitorbo\/wp-json\/wp\/v2\/types\/post"}],"author":[{"embeddable":true,"href":"https:\/\/jms.com.bo\/mediamonitorbo\/wp-json\/wp\/v2\/users\/1"}],"replies":[{"embeddable":true,"href":"https:\/\/jms.com.bo\/mediamonitorbo\/wp-json\/wp\/v2\/comments?post=969"}],"version-history":[{"count":0,"href":"https:\/\/jms.com.bo\/mediamonitorbo\/wp-json\/wp\/v2\/posts\/969\/revisions"}],"wp:featuredmedia":[{"embeddable":true,"href":"https:\/\/jms.com.bo\/mediamonitorbo\/wp-json\/wp\/v2\/media\/970"}],"wp:attachment":[{"href":"https:\/\/jms.com.bo\/mediamonitorbo\/wp-json\/wp\/v2\/media?parent=969"}],"wp:term":[{"taxonomy":"category","embeddable":true,"href":"https:\/\/jms.com.bo\/mediamonitorbo\/wp-json\/wp\/v2\/categories?post=969"},{"taxonomy":"post_tag","embeddable":true,"href":"https:\/\/jms.com.bo\/mediamonitorbo\/wp-json\/wp\/v2\/tags?post=969"}],"curies":[{"name":"wp","href":"https:\/\/api.w.org\/{rel}","templated":true}]}}